
{"id":63311,"date":"2016-12-31T21:15:41","date_gmt":"2017-01-01T00:15:41","guid":{"rendered":"http:\/\/www.sudoestehoje.com.br\/novoportal\/?p=63311"},"modified":"2016-12-31T21:15:41","modified_gmt":"2017-01-01T00:15:41","slug":"itapetinga-tudo-pronto-para-a-posse-de-rodrigo-renan-e-vereadores","status":"publish","type":"post","link":"https:\/\/www.sudoestehoje.com.br\/novoportal\/2016\/12\/31\/itapetinga-tudo-pronto-para-a-posse-de-rodrigo-renan-e-vereadores\/","title":{"rendered":"ITAPETINGA: TUDO PRONTO PARA A POSSE DE RODRIGO, RENAN E VEREADORES"},"content":{"rendered":"<p><img loading=\"lazy\" decoding=\"async\" class=\"\" src=\"https:\/\/scontent-gru2-1.xx.fbcdn.net\/v\/t1.0-9\/15826597_1229962270428505_950269607698347989_n.jpg?oh=54830e9b01dfa595bc55dfd44a92d76e&amp;oe=58DAACAD\" alt=\"A imagem pode conter: c\u00e9u, casa e atividades ao ar livre\" width=\"501\" height=\"282\" \/><\/p>\n<p>Pensando na participa\u00e7\u00e3o do povo na sua posse, o jovem prefeito Rodrigo Hagge (PMDB) solicitou \u00e0 c\u00e2mara de vereadores a mudan\u00e7a do local da solenidade de posse para o Pa\u00e7o Municipal, no que foi prontamente atendido.<\/p>\n<p>Para atender \u00e0s exig\u00eancias da solenidade e acomodar o p\u00fablico, uma enorme estrutura foi montada em frente \u00e0 prefeitura, garantindo o sucesso da sess\u00e3o solene de posse e elei\u00e7\u00e3o da nova Mesa Diretora da C\u00e2mara.<\/p>\n<p>O ato de posse do novo prefeito, vice e vereadores est\u00e1 previsto para iniciar \u00e0 9h da manh\u00e3 deste domingo, 1\u00ba de janeiro, na Pra\u00e7a Dairy Valley.<\/p>\n<p><strong><em>Por Davi Ferraz \/\/ Foto Rubinho Nova<\/em><\/strong><\/p>\n","protected":false},"excerpt":{"rendered":"<p>Pensando na participa\u00e7\u00e3o do povo na sua posse, o jovem prefeito Rodrigo Hagge (PMDB) solicitou \u00e0 c\u00e2mara de vereadores a mudan\u00e7a do local da solenidade de posse para o Pa\u00e7o Municipal, no que foi prontamente atendido. Para atender \u00e0s exig\u00eancias da solenidade e acomodar o p\u00fablico, uma enorme estrutura foi montada em frente \u00e0 prefeitura, [&hellip;]<\/p>\n","protected":false},"author":2,"featured_media":0,"comment_status":"open","ping_status":"open","sticky":false,"template":"","format":"standard","meta":{"footnotes":"","_links_to":"","_links_to_target":""},"categories":[1],"tags":[],"class_list":["post-63311","post","type-post","status-publish","format-standard","hentry","category-geral"],"views":2780,"_links":{"self":[{"href":"https:\/\/www.sudoestehoje.com.br\/novoportal\/wp-json\/wp\/v2\/posts\/63311","targetHints":{"allow":["GET"]}}],"collection":[{"href":"https:\/\/www.sudoestehoje.com.br\/novoportal\/wp-json\/wp\/v2\/posts"}],"about":[{"href":"https:\/\/www.sudoestehoje.com.br\/novoportal\/wp-json\/wp\/v2\/types\/post"}],"author":[{"embeddable":true,"href":"https:\/\/www.sudoestehoje.com.br\/novoportal\/wp-json\/wp\/v2\/users\/2"}],"replies":[{"embeddable":true,"href":"https:\/\/www.sudoestehoje.com.br\/novoportal\/wp-json\/wp\/v2\/comments?post=63311"}],"version-history":[{"count":2,"href":"https:\/\/www.sudoestehoje.com.br\/novoportal\/wp-json\/wp\/v2\/posts\/63311\/revisions"}],"predecessor-version":[{"id":63313,"href":"https:\/\/www.sudoestehoje.com.br\/novoportal\/wp-json\/wp\/v2\/posts\/63311\/revisions\/63313"}],"wp:attachment":[{"href":"https:\/\/www.sudoestehoje.com.br\/novoportal\/wp-json\/wp\/v2\/media?parent=63311"}],"wp:term":[{"taxonomy":"category","embeddable":true,"href":"https:\/\/www.sudoestehoje.com.br\/novoportal\/wp-json\/wp\/v2\/categories?post=63311"},{"taxonomy":"post_tag","embeddable":true,"href":"https:\/\/www.sudoestehoje.com.br\/novoportal\/wp-json\/wp\/v2\/tags?post=63311"}],"curies":[{"name":"wp","href":"https:\/\/api.w.org\/{rel}","templated":true}]}}