
{"id":6331,"date":"2011-07-03T00:00:12","date_gmt":"2011-07-03T03:00:12","guid":{"rendered":"http:\/\/www.sudoestehoje.com.br\/novoportal\/?p=6331"},"modified":"2011-07-03T01:22:23","modified_gmt":"2011-07-03T04:22:23","slug":"cupula-do-ministerio-dos-transportes-e-afastada-apos-denuncia-da-veja","status":"publish","type":"post","link":"https:\/\/www.sudoestehoje.com.br\/novoportal\/2011\/07\/03\/cupula-do-ministerio-dos-transportes-e-afastada-apos-denuncia-da-veja\/","title":{"rendered":"AP\u00d3S ORDEM DE DILMA, MINISTRO AFASTA C\u00daPULA DOS TRANSPORTES"},"content":{"rendered":"<p style=\"text-align: center;\"><img decoding=\"async\" src=\"http:\/\/www.metropolejornal.com.br\/foto_detalhes.php?imagem=images\/noticias\/20101209~222748~almat.jpg\" alt=\"\" \/><\/p>\n<p style=\"text-align: center;\"><em><strong>Ministro Alfredo Nascimento no olho do furac\u00e3o<\/strong><\/em><\/p>\n<p>O ministro dos Transportes, Alfredo Nascimento, divulgou nota em que confirma o afastamento de quatro servidores da c\u00fapula do \u00f3rg\u00e3o. O afastamento foi determinado pela Dilma Rousseff na manh\u00e3 deste s\u00e1bado. Segundo reportagem da revista &#8220;Veja&#8221;, representantes do PR, partido que comanda os Transportes, funcion\u00e1rios do minist\u00e9rio e de \u00f3rg\u00e3os vinculados \u00e0 pasta montaram um esquema de superfaturamento de obras e recebimento de propina por empreiteiras.<\/p>\n<p>Entre os citados est\u00e3o o pr\u00f3prio chefe de gabinete do ministro, Mauro Barbosa, o assessor do minist\u00e9rio, Luiz Tito, o diretor-geral do Dnit (Departamento Nacional de Infraestrutura de Transportes), Luiz Antonio Pagot, e o presidente da estatal Valec, Jos\u00e9 Francisco, o Juquinha. Dilma conversou com Nascimento por telefone dando a ordem.<\/p>\n<p>Na nota, Nascimento diz que &#8220;recha\u00e7a, com veem\u00eancia, qualquer ila\u00e7\u00e3o ou relato de que tenha autorizado, endossado ou sido conivente com a pr\u00e1tica de quaisquer atos pol\u00edtico-partid\u00e1rio envolvendo a\u00e7\u00f5es e projetos do Minist\u00e9rio dos Transportes&#8221;.<\/p>\n<p>Leia mais na Folha: <a href=\"http:\/\/www1.folha.uol.com.br\/poder\/938144-dilma-manda-afastar-cupula-do-ministerio-dos-transportes.shtml\">Dilma manda afastar c\u00fapula do Minist\u00e9rio dos Transportes<\/a><\/p>\n","protected":false},"excerpt":{"rendered":"<p>Ministro Alfredo Nascimento no olho do furac\u00e3o O ministro dos Transportes, Alfredo Nascimento, divulgou nota em que confirma o afastamento de quatro servidores da c\u00fapula do \u00f3rg\u00e3o. O afastamento foi determinado pela Dilma Rousseff na manh\u00e3 deste s\u00e1bado. Segundo reportagem da revista &#8220;Veja&#8221;, representantes do PR, partido que comanda os Transportes, funcion\u00e1rios do minist\u00e9rio e [&hellip;]<\/p>\n","protected":false},"author":2,"featured_media":0,"comment_status":"open","ping_status":"open","sticky":false,"template":"","format":"standard","meta":{"footnotes":"","_links_to":"","_links_to_target":""},"categories":[1],"tags":[],"class_list":["post-6331","post","type-post","status-publish","format-standard","hentry","category-geral"],"views":1157,"_links":{"self":[{"href":"https:\/\/www.sudoestehoje.com.br\/novoportal\/wp-json\/wp\/v2\/posts\/6331","targetHints":{"allow":["GET"]}}],"collection":[{"href":"https:\/\/www.sudoestehoje.com.br\/novoportal\/wp-json\/wp\/v2\/posts"}],"about":[{"href":"https:\/\/www.sudoestehoje.com.br\/novoportal\/wp-json\/wp\/v2\/types\/post"}],"author":[{"embeddable":true,"href":"https:\/\/www.sudoestehoje.com.br\/novoportal\/wp-json\/wp\/v2\/users\/2"}],"replies":[{"embeddable":true,"href":"https:\/\/www.sudoestehoje.com.br\/novoportal\/wp-json\/wp\/v2\/comments?post=6331"}],"version-history":[{"count":7,"href":"https:\/\/www.sudoestehoje.com.br\/novoportal\/wp-json\/wp\/v2\/posts\/6331\/revisions"}],"predecessor-version":[{"id":6335,"href":"https:\/\/www.sudoestehoje.com.br\/novoportal\/wp-json\/wp\/v2\/posts\/6331\/revisions\/6335"}],"wp:attachment":[{"href":"https:\/\/www.sudoestehoje.com.br\/novoportal\/wp-json\/wp\/v2\/media?parent=6331"}],"wp:term":[{"taxonomy":"category","embeddable":true,"href":"https:\/\/www.sudoestehoje.com.br\/novoportal\/wp-json\/wp\/v2\/categories?post=6331"},{"taxonomy":"post_tag","embeddable":true,"href":"https:\/\/www.sudoestehoje.com.br\/novoportal\/wp-json\/wp\/v2\/tags?post=6331"}],"curies":[{"name":"wp","href":"https:\/\/api.w.org\/{rel}","templated":true}]}}