
{"id":63302,"date":"2016-12-30T20:04:47","date_gmt":"2016-12-30T23:04:47","guid":{"rendered":"http:\/\/www.sudoestehoje.com.br\/novoportal\/?p=63302"},"modified":"2016-12-30T20:04:47","modified_gmt":"2016-12-30T23:04:47","slug":"itapetinga-camara-de-vereadores-convida-para-cerimonia-de-posse-da-gestao-2017-2020","status":"publish","type":"post","link":"https:\/\/www.sudoestehoje.com.br\/novoportal\/2016\/12\/30\/itapetinga-camara-de-vereadores-convida-para-cerimonia-de-posse-da-gestao-2017-2020\/","title":{"rendered":"ITAPETINGA: C\u00c2MARA DE VEREADORES CONVIDA PARA CERIM\u00d4NIA DE POSSE DA GEST\u00c3O 2017-2020"},"content":{"rendered":"<p><img loading=\"lazy\" decoding=\"async\" class=\"\" src=\"https:\/\/2.bp.blogspot.com\/-83SPv9ow_AY\/V_GHHzJlWNI\/AAAAAAAAgew\/PZi5_Frdsg0wANLcUZN7pDSLMeJnmuaKACLcB\/s640\/c%25C3%25A2mara-de-Itapetinga.jpg\" alt=\"Resultado de imagem para VEREADORES iTAPETINGA\" width=\"500\" height=\"297\" \/><\/p>\n<p>A C\u00e2mara Municipal de Itapetinga-BA tem a honra de convidar a popula\u00e7\u00e3o itapetinguense para a <strong>Cerim\u00f4nia de Posse<\/strong> das autoridades eleitas para os cargos de prefeito, vice-prefeito e vereador, para a gest\u00e3o 2017-2020, e <strong>Elei\u00e7\u00e3o da Mesa Diretora<\/strong> da Casa Legislativa (Bi\u00eanio 2017-2018). A solenidade ser\u00e1 realizada neste domingo (1\u00ba), a partir das 09 horas, na Pra\u00e7a Dairy Valley, no Centro da cidade.<\/p>\n<p>Organiza\u00e7\u00e3o da Cerim\u00f4nia<\/p>\n<p>Conforme determina o Regimento Interno do Poder Legislativo Municipal, a C\u00e2mara de Vereadores instalar-se-\u00e1 em 1\u00ba de janeiro no primeiro ano da Legislatura, atrav\u00e9s de Sess\u00e3o Solene, sob a presid\u00eancia do vereador eleito mais idoso. Ap\u00f3s apresentarem declara\u00e7\u00e3o p\u00fablica de bens, os vereadores presentes, diplomados, ser\u00e3o empossados com a leitura do compromisso de posse e juramento.<\/p>\n<p>Em seguida, ser\u00e3o apresentadas as chapas para a elei\u00e7\u00e3o da Mesa da C\u00e2mara, sob vota\u00e7\u00e3o secreta. J\u00e1 eleito, o novo presidente da Casa assumir\u00e1 os trabalhos e dar\u00e1 posse ao prefeito e ao seu vice. Ent\u00e3o, o novo chefe do Executivo Municipal apresentar\u00e1, em linhas gerais, seu programa de governo.<\/p>\n<p>Confira os eleitos que ser\u00e3o empossados:<\/p>\n<p><strong>Prefeito:<\/strong> Rodrigo Hagge (PMDB)<\/p>\n<p><strong>Vice-prefeito:<\/strong> Renan Pereira (DEM)<\/p>\n<p><strong>Vereadores:<\/strong><\/p>\n<p>Alberto Barbosa Santos (PP)<\/p>\n<p>Anderson Alves Cruz (DEM)<\/p>\n<p>Diego Queiroz Rodrigues (PR)<\/p>\n<p>Eliomar Alves Barreira (PMDB)<\/p>\n<p>Fabiano Sousa Alves (DEM)<\/p>\n<p>Gilmar Santos Lima (PSD)<\/p>\n<p>Jair Saloes Mendes (PMDB)<\/p>\n<p>Jo\u00e3o de Deus da Silva Filho (PMDB)<\/p>\n<p>Jos\u00e9 Antunes da Silva (PSC)<\/p>\n<p>M\u00e1rcio Carvalho de Oliveira (PSC)<\/p>\n<p>Naara Lima Duarte (DEM)<\/p>\n<p>Nailton Bomfim Negreiro (PRB)<\/p>\n<p>Romildo Teixeira Santos (PSL)<\/p>\n<p>Valdeir Chagas do Nascimento (PDT)<\/p>\n<p>Valqu\u00edrio Santos Lima (PR)<\/p>\n<p><strong><em>Ascom CMI<\/em><\/strong><\/p>\n","protected":false},"excerpt":{"rendered":"<p>A C\u00e2mara Municipal de Itapetinga-BA tem a honra de convidar a popula\u00e7\u00e3o itapetinguense para a Cerim\u00f4nia de Posse das autoridades eleitas para os cargos de prefeito, vice-prefeito e vereador, para a gest\u00e3o 2017-2020, e Elei\u00e7\u00e3o da Mesa Diretora da Casa Legislativa (Bi\u00eanio 2017-2018). A solenidade ser\u00e1 realizada neste domingo (1\u00ba), a partir das 09 horas, [&hellip;]<\/p>\n","protected":false},"author":2,"featured_media":0,"comment_status":"open","ping_status":"open","sticky":false,"template":"","format":"standard","meta":{"footnotes":"","_links_to":"","_links_to_target":""},"categories":[1],"tags":[],"class_list":["post-63302","post","type-post","status-publish","format-standard","hentry","category-geral"],"views":1625,"_links":{"self":[{"href":"https:\/\/www.sudoestehoje.com.br\/novoportal\/wp-json\/wp\/v2\/posts\/63302","targetHints":{"allow":["GET"]}}],"collection":[{"href":"https:\/\/www.sudoestehoje.com.br\/novoportal\/wp-json\/wp\/v2\/posts"}],"about":[{"href":"https:\/\/www.sudoestehoje.com.br\/novoportal\/wp-json\/wp\/v2\/types\/post"}],"author":[{"embeddable":true,"href":"https:\/\/www.sudoestehoje.com.br\/novoportal\/wp-json\/wp\/v2\/users\/2"}],"replies":[{"embeddable":true,"href":"https:\/\/www.sudoestehoje.com.br\/novoportal\/wp-json\/wp\/v2\/comments?post=63302"}],"version-history":[{"count":3,"href":"https:\/\/www.sudoestehoje.com.br\/novoportal\/wp-json\/wp\/v2\/posts\/63302\/revisions"}],"predecessor-version":[{"id":63306,"href":"https:\/\/www.sudoestehoje.com.br\/novoportal\/wp-json\/wp\/v2\/posts\/63302\/revisions\/63306"}],"wp:attachment":[{"href":"https:\/\/www.sudoestehoje.com.br\/novoportal\/wp-json\/wp\/v2\/media?parent=63302"}],"wp:term":[{"taxonomy":"category","embeddable":true,"href":"https:\/\/www.sudoestehoje.com.br\/novoportal\/wp-json\/wp\/v2\/categories?post=63302"},{"taxonomy":"post_tag","embeddable":true,"href":"https:\/\/www.sudoestehoje.com.br\/novoportal\/wp-json\/wp\/v2\/tags?post=63302"}],"curies":[{"name":"wp","href":"https:\/\/api.w.org\/{rel}","templated":true}]}}