
{"id":63300,"date":"2016-12-30T19:25:54","date_gmt":"2016-12-30T22:25:54","guid":{"rendered":"http:\/\/www.sudoestehoje.com.br\/novoportal\/?p=63300"},"modified":"2016-12-30T19:25:54","modified_gmt":"2016-12-30T22:25:54","slug":"alcobaca-vice-prefeito-eleito-morre-a-dois-dias-da-posse","status":"publish","type":"post","link":"https:\/\/www.sudoestehoje.com.br\/novoportal\/2016\/12\/30\/alcobaca-vice-prefeito-eleito-morre-a-dois-dias-da-posse\/","title":{"rendered":"ALCOBA\u00c7A: VICE-PREFEITO ELEITO MORRE A DOIS DIAS DA POSSE"},"content":{"rendered":"<p><img loading=\"lazy\" decoding=\"async\" class=\"\" src=\"http:\/\/bahiaextremosul.com\/uploads\/editor\/7a525edc4cd4b5ddc249aeba3bae337887e16abc.jpg\" alt=\"Resultado de imagem para VICE-PREFEITO ELEITO ALCOBA\u00c7A MORRE\" width=\"500\" height=\"392\" \/><\/p>\n<p>O vice-prefeito eleito da cidade de Alcoba\u00e7a, no sul da Bahia, morreu na madrugada desta sexta-feira (30), a dois dias da cerim\u00f4nia de posse. M\u00e1rcio Oliveira dos Santos, de 43 anos, sofria de problemas card\u00edacos e passou por uma cirurgia na \u00faltima quarta-feira (28), mas n\u00e3o resistiu ao procedimento.<\/p>\n<p>De acordo com as informa\u00e7\u00f5es publicadas no\u00a0<strong>G1<\/strong> pelo prefeito Leo Brito (PSD), Marcinho (PR), como era conhecido, estava doente h\u00e1 alguns meses e foi internado no S\u00e3o Bernardo Apart Hospital, na cidade de Colatina (ES), para se tratar antes de fazer a cirurgia, mas houve uma complica\u00e7\u00e3o e o procedimento precisou ser feito com urg\u00eancia. Ap\u00f3s a cirurgia, ele acabou n\u00e3o se recuperando bem.<\/p>\n<p>Segundo Leo Brito, o corpo do vice est\u00e1 a caminho de Alcoba\u00e7a, onde ser\u00e1 velado na C\u00e2mara de Vereadores da cidade ainda na noite desta sexta-feira. O enterro deve acontecer no s\u00e1bado (31) pela manh\u00e3.<\/p>\n<p>Ainda conforme o prefeito, a cidade ficar\u00e1 sem vice-prefeito. Na aus\u00eancia dele, quem assume as responsabilidades, em caso de necessidade, \u00e9 o presidente da C\u00e2mara de Vereadores da cidade.<\/p>\n","protected":false},"excerpt":{"rendered":"<p>O vice-prefeito eleito da cidade de Alcoba\u00e7a, no sul da Bahia, morreu na madrugada desta sexta-feira (30), a dois dias da cerim\u00f4nia de posse. M\u00e1rcio Oliveira dos Santos, de 43 anos, sofria de problemas card\u00edacos e passou por uma cirurgia na \u00faltima quarta-feira (28), mas n\u00e3o resistiu ao procedimento. De acordo com as informa\u00e7\u00f5es publicadas [&hellip;]<\/p>\n","protected":false},"author":2,"featured_media":0,"comment_status":"open","ping_status":"open","sticky":false,"template":"","format":"standard","meta":{"footnotes":"","_links_to":"","_links_to_target":""},"categories":[1],"tags":[],"class_list":["post-63300","post","type-post","status-publish","format-standard","hentry","category-geral"],"views":1253,"_links":{"self":[{"href":"https:\/\/www.sudoestehoje.com.br\/novoportal\/wp-json\/wp\/v2\/posts\/63300","targetHints":{"allow":["GET"]}}],"collection":[{"href":"https:\/\/www.sudoestehoje.com.br\/novoportal\/wp-json\/wp\/v2\/posts"}],"about":[{"href":"https:\/\/www.sudoestehoje.com.br\/novoportal\/wp-json\/wp\/v2\/types\/post"}],"author":[{"embeddable":true,"href":"https:\/\/www.sudoestehoje.com.br\/novoportal\/wp-json\/wp\/v2\/users\/2"}],"replies":[{"embeddable":true,"href":"https:\/\/www.sudoestehoje.com.br\/novoportal\/wp-json\/wp\/v2\/comments?post=63300"}],"version-history":[{"count":1,"href":"https:\/\/www.sudoestehoje.com.br\/novoportal\/wp-json\/wp\/v2\/posts\/63300\/revisions"}],"predecessor-version":[{"id":63301,"href":"https:\/\/www.sudoestehoje.com.br\/novoportal\/wp-json\/wp\/v2\/posts\/63300\/revisions\/63301"}],"wp:attachment":[{"href":"https:\/\/www.sudoestehoje.com.br\/novoportal\/wp-json\/wp\/v2\/media?parent=63300"}],"wp:term":[{"taxonomy":"category","embeddable":true,"href":"https:\/\/www.sudoestehoje.com.br\/novoportal\/wp-json\/wp\/v2\/categories?post=63300"},{"taxonomy":"post_tag","embeddable":true,"href":"https:\/\/www.sudoestehoje.com.br\/novoportal\/wp-json\/wp\/v2\/tags?post=63300"}],"curies":[{"name":"wp","href":"https:\/\/api.w.org\/{rel}","templated":true}]}}