
{"id":63294,"date":"2016-12-30T07:25:52","date_gmt":"2016-12-30T10:25:52","guid":{"rendered":"http:\/\/www.sudoestehoje.com.br\/novoportal\/?p=63294"},"modified":"2016-12-30T07:27:10","modified_gmt":"2016-12-30T10:27:10","slug":"brasil-temer-sanciona-novo-salario-minimo-de-r-937-para-2017","status":"publish","type":"post","link":"https:\/\/www.sudoestehoje.com.br\/novoportal\/2016\/12\/30\/brasil-temer-sanciona-novo-salario-minimo-de-r-937-para-2017\/","title":{"rendered":"BRASIL: TEMER SANCIONA NOVO SAL\u00c1RIO M\u00cdNIMO DE R$ 937 PARA 2017"},"content":{"rendered":"<p><img loading=\"lazy\" decoding=\"async\" class=\"\" src=\"http:\/\/salariominimo2017.net.br\/wp-content\/uploads\/2016\/03\/salario-minimo-2017-1.jpg\" alt=\"Resultado de imagem para salario minimo 2017\" width=\"501\" height=\"347\" \/><\/p>\n<p>O presidente Michel Temer assinou, nesta quinta-feira (29), o decreto que reajusta o sal\u00e1rio m\u00ednimo de R$ 880,00 em 2016 para R$ 937,00 em 2017. O valor ficou abaixo do divulgado em agosto, na proposta or\u00e7ament\u00e1ria enviada ao Congresso Nacional, que previa o aumento para R$ 945,80.<\/p>\n<p>A redu\u00e7\u00e3o do valor ocorreu porque, quando enviou a proposta ao Congresso, a infla\u00e7\u00e3o prevista para o ano, um dos fatores usados para definir o reajuste, era maior do que a realmente registrada.<\/p>\n<p>De acordo com a Lei n\u00ba 13.152, de 29 de julho de 2015, o reajuste do sal\u00e1rio m\u00ednimo \u00e9 feito tomando como base a varia\u00e7\u00e3o do \u00cdndice Nacional de Pre\u00e7os ao Consumidor (INPC) para o per\u00edodo de 12 meses acumulados at\u00e9 dezembro de 2016 e a varia\u00e7\u00e3o do Produto Interno Bruno (PIB) de 2015. Como neste ano, o PIB ser\u00e1 negativo, esse fator n\u00e3o foi levado em considera\u00e7\u00e3o.<\/p>\n","protected":false},"excerpt":{"rendered":"<p>O presidente Michel Temer assinou, nesta quinta-feira (29), o decreto que reajusta o sal\u00e1rio m\u00ednimo de R$ 880,00 em 2016 para R$ 937,00 em 2017. O valor ficou abaixo do divulgado em agosto, na proposta or\u00e7ament\u00e1ria enviada ao Congresso Nacional, que previa o aumento para R$ 945,80. A redu\u00e7\u00e3o do valor ocorreu porque, quando enviou [&hellip;]<\/p>\n","protected":false},"author":2,"featured_media":0,"comment_status":"open","ping_status":"open","sticky":false,"template":"","format":"standard","meta":{"footnotes":"","_links_to":"","_links_to_target":""},"categories":[1],"tags":[],"class_list":["post-63294","post","type-post","status-publish","format-standard","hentry","category-geral"],"views":1450,"_links":{"self":[{"href":"https:\/\/www.sudoestehoje.com.br\/novoportal\/wp-json\/wp\/v2\/posts\/63294","targetHints":{"allow":["GET"]}}],"collection":[{"href":"https:\/\/www.sudoestehoje.com.br\/novoportal\/wp-json\/wp\/v2\/posts"}],"about":[{"href":"https:\/\/www.sudoestehoje.com.br\/novoportal\/wp-json\/wp\/v2\/types\/post"}],"author":[{"embeddable":true,"href":"https:\/\/www.sudoestehoje.com.br\/novoportal\/wp-json\/wp\/v2\/users\/2"}],"replies":[{"embeddable":true,"href":"https:\/\/www.sudoestehoje.com.br\/novoportal\/wp-json\/wp\/v2\/comments?post=63294"}],"version-history":[{"count":3,"href":"https:\/\/www.sudoestehoje.com.br\/novoportal\/wp-json\/wp\/v2\/posts\/63294\/revisions"}],"predecessor-version":[{"id":63297,"href":"https:\/\/www.sudoestehoje.com.br\/novoportal\/wp-json\/wp\/v2\/posts\/63294\/revisions\/63297"}],"wp:attachment":[{"href":"https:\/\/www.sudoestehoje.com.br\/novoportal\/wp-json\/wp\/v2\/media?parent=63294"}],"wp:term":[{"taxonomy":"category","embeddable":true,"href":"https:\/\/www.sudoestehoje.com.br\/novoportal\/wp-json\/wp\/v2\/categories?post=63294"},{"taxonomy":"post_tag","embeddable":true,"href":"https:\/\/www.sudoestehoje.com.br\/novoportal\/wp-json\/wp\/v2\/tags?post=63294"}],"curies":[{"name":"wp","href":"https:\/\/api.w.org\/{rel}","templated":true}]}}