
{"id":63289,"date":"2016-12-30T06:38:01","date_gmt":"2016-12-30T09:38:01","guid":{"rendered":"http:\/\/www.sudoestehoje.com.br\/novoportal\/?p=63289"},"modified":"2016-12-30T06:50:19","modified_gmt":"2016-12-30T09:50:19","slug":"itapetinga-posse-de-rodrigo-hagge-renan-e-vereadores-sera-na-dairy-valley","status":"publish","type":"post","link":"https:\/\/www.sudoestehoje.com.br\/novoportal\/2016\/12\/30\/itapetinga-posse-de-rodrigo-hagge-renan-e-vereadores-sera-na-dairy-valley\/","title":{"rendered":"ITAPETINGA: POSSE DE RODRIGO HAGGE, RENAN E VEREADORES SER\u00c1 NA DAIRY VALLEY"},"content":{"rendered":"<p><img loading=\"lazy\" decoding=\"async\" class=\"\" src=\"https:\/\/scontent-gru2-1.xx.fbcdn.net\/v\/t1.0-9\/15726929_1893640920871878_1320319841442325567_n.jpg?oh=eb757608304fe6522ad78178c6d80ea1&amp;oe=5920A5FE\" alt=\"A imagem pode conter: 1 pessoa, texto\" width=\"500\" height=\"500\" \/><\/p>\n<p>A solenidade de posse do prefeito eleito, vice e vereadores de Itapetinga, que inicialmente estava prevista para acontecer no audit\u00f3rio da C\u00e2mara de Vereadores, foi transferida para o Pa\u00e7o Municipal (frente da prefeitura), na Pra\u00e7a Dairy Valley.<\/p>\n<p>A mudan\u00e7a foi proposta pela assessoria do prefeito eleito Rodrigo Hagge e aceita pela Mesa Diretora da C\u00e2mara de Vereadores, que providenciou a nova convoca\u00e7\u00e3o, alterando o local da posse, e notificando todos os vereadores.<\/p>\n<p>De acordo com os organizadores, a altera\u00e7\u00e3o foi necess\u00e1ria para proporcionar a participa\u00e7\u00e3o de toda a popula\u00e7\u00e3o, j\u00e1 que o espa\u00e7o da c\u00e2mara \u00e9 pequeno e restrito, n\u00e3o comportando uma solenidade desse porte.<\/p>\n<p>Uma estrutura para acomodar a popula\u00e7\u00e3o e as autoridades j\u00e1 est\u00e1 sendo providenciada. O hor\u00e1rio da posse n\u00e3o sofreu altera\u00e7\u00e3o e est\u00e1 previsto para as 9h deste domingo, 1\u00ba de janeiro.<\/p>\n<p>Na mesma solenidade acontecer\u00e1 tamb\u00e9m a elei\u00e7\u00e3o da nova Mesa Diretora da C\u00e2mara e, ap\u00f3s o encerramento, ocorrer\u00e1 a transmiss\u00e3o do cargo de prefeito, na prefeitura municipal.<\/p>\n<p><strong><em>Por Davi Ferraz<\/em><\/strong><\/p>\n","protected":false},"excerpt":{"rendered":"<p>A solenidade de posse do prefeito eleito, vice e vereadores de Itapetinga, que inicialmente estava prevista para acontecer no audit\u00f3rio da C\u00e2mara de Vereadores, foi transferida para o Pa\u00e7o Municipal (frente da prefeitura), na Pra\u00e7a Dairy Valley. A mudan\u00e7a foi proposta pela assessoria do prefeito eleito Rodrigo Hagge e aceita pela Mesa Diretora da C\u00e2mara [&hellip;]<\/p>\n","protected":false},"author":2,"featured_media":0,"comment_status":"open","ping_status":"open","sticky":false,"template":"","format":"standard","meta":{"footnotes":"","_links_to":"","_links_to_target":""},"categories":[1],"tags":[],"class_list":["post-63289","post","type-post","status-publish","format-standard","hentry","category-geral"],"views":1454,"_links":{"self":[{"href":"https:\/\/www.sudoestehoje.com.br\/novoportal\/wp-json\/wp\/v2\/posts\/63289","targetHints":{"allow":["GET"]}}],"collection":[{"href":"https:\/\/www.sudoestehoje.com.br\/novoportal\/wp-json\/wp\/v2\/posts"}],"about":[{"href":"https:\/\/www.sudoestehoje.com.br\/novoportal\/wp-json\/wp\/v2\/types\/post"}],"author":[{"embeddable":true,"href":"https:\/\/www.sudoestehoje.com.br\/novoportal\/wp-json\/wp\/v2\/users\/2"}],"replies":[{"embeddable":true,"href":"https:\/\/www.sudoestehoje.com.br\/novoportal\/wp-json\/wp\/v2\/comments?post=63289"}],"version-history":[{"count":4,"href":"https:\/\/www.sudoestehoje.com.br\/novoportal\/wp-json\/wp\/v2\/posts\/63289\/revisions"}],"predecessor-version":[{"id":63293,"href":"https:\/\/www.sudoestehoje.com.br\/novoportal\/wp-json\/wp\/v2\/posts\/63289\/revisions\/63293"}],"wp:attachment":[{"href":"https:\/\/www.sudoestehoje.com.br\/novoportal\/wp-json\/wp\/v2\/media?parent=63289"}],"wp:term":[{"taxonomy":"category","embeddable":true,"href":"https:\/\/www.sudoestehoje.com.br\/novoportal\/wp-json\/wp\/v2\/categories?post=63289"},{"taxonomy":"post_tag","embeddable":true,"href":"https:\/\/www.sudoestehoje.com.br\/novoportal\/wp-json\/wp\/v2\/tags?post=63289"}],"curies":[{"name":"wp","href":"https:\/\/api.w.org\/{rel}","templated":true}]}}