
{"id":63283,"date":"2016-12-29T08:10:35","date_gmt":"2016-12-29T11:10:35","guid":{"rendered":"http:\/\/www.sudoestehoje.com.br\/novoportal\/?p=63283"},"modified":"2016-12-29T08:10:35","modified_gmt":"2016-12-29T11:10:35","slug":"macarani-contas-de-jorge-motos-e-edmilson-foram-aprovadas-pelo-tcm","status":"publish","type":"post","link":"https:\/\/www.sudoestehoje.com.br\/novoportal\/2016\/12\/29\/macarani-contas-de-jorge-motos-e-edmilson-foram-aprovadas-pelo-tcm\/","title":{"rendered":"MACARANI: CONTAS DE JORGE MOTOS E EDMILSON FORAM APROVADAS PELO TCM"},"content":{"rendered":"<p><a href=\"http:\/\/www.sudoestehoje.com.br\/novoportal\/wp-content\/uploads\/2016\/12\/GEDC6811.jpg\"><img loading=\"lazy\" decoding=\"async\" class=\"size-medium wp-image-63285\" src=\"http:\/\/www.sudoestehoje.com.br\/novoportal\/wp-content\/uploads\/2016\/12\/GEDC6811-500x375.jpg\" alt=\"GEDSC DIGITAL CAMERA\" width=\"500\" height=\"375\" srcset=\"https:\/\/www.sudoestehoje.com.br\/novoportal\/wp-content\/uploads\/2016\/12\/GEDC6811-500x375.jpg 500w, https:\/\/www.sudoestehoje.com.br\/novoportal\/wp-content\/uploads\/2016\/12\/GEDC6811.jpg 640w\" sizes=\"auto, (max-width: 500px) 100vw, 500px\" \/><\/a><\/p>\n<p>Em sess\u00e3o plen\u00e1ria realizada nesta quarta-feira (28), o Tribunal de Contas dos Munic\u00edpios &#8211; TCM aprovou com pequenas ressalvas as presta\u00e7\u00f5es de contas do vereador Paulo Jorge Sousa Novato, o popular &#8216;Jorge Motos&#8217;.<\/p>\n<p>As contas aprovadas pelo TCM se referem ao exerc\u00edcio de 2015, quando Jorge Motos exerceu interinamente o cargo de prefeito do munic\u00edpio, at\u00e9 a realiza\u00e7\u00e3o das elei\u00e7\u00f5es suplementares e posse do prefeito eleito, no ano de 2015.<\/p>\n<p><a href=\"http:\/\/www.sudoestehoje.com.br\/novoportal\/wp-content\/uploads\/2016\/12\/GEDC6806-1.jpg\"><img loading=\"lazy\" decoding=\"async\" class=\"size-medium wp-image-63286\" src=\"http:\/\/www.sudoestehoje.com.br\/novoportal\/wp-content\/uploads\/2016\/12\/GEDC6806-1-500x375.jpg\" alt=\"GEDSC DIGITAL CAMERA\" width=\"500\" height=\"375\" srcset=\"https:\/\/www.sudoestehoje.com.br\/novoportal\/wp-content\/uploads\/2016\/12\/GEDC6806-1-500x375.jpg 500w, https:\/\/www.sudoestehoje.com.br\/novoportal\/wp-content\/uploads\/2016\/12\/GEDC6806-1.jpg 640w\" sizes=\"auto, (max-width: 500px) 100vw, 500px\" \/><\/a><\/p>\n<p>O TCM tamb\u00e9m julgou regulares e recomendou a aprova\u00e7\u00e3o das contas da C\u00e2mara Municipal de Macarani, relativas a 2015, cujo presid\u00eancia foi exercida por Jorge Motos e pelo vice-presidente da casa legislativa, Edmilson Lima.<\/p>\n<p>Tanto Jorge Motos, quanto Edmilson Lima, foram reeleitos e podem concorrer \u00e0 presid\u00eancia da C\u00e2mara de Vereadores de Macarani, em 1\u00ba de janeiro.<\/p>\n<p><strong><em>Por Davi Ferraz\/\/ Fonte TCM\u00a0<\/em><\/strong><\/p>\n<p><img decoding=\"async\" src=\"http:\/\/www.sudoestehoje.com.br\/novoportal\/wp-content\/uploads\/2015\/10\/SERVLAR-BANNER-500x178.jpg\" alt=\"Resultado de imagem para servlar itapetinga\" \/><\/p>\n","protected":false},"excerpt":{"rendered":"<p>Em sess\u00e3o plen\u00e1ria realizada nesta quarta-feira (28), o Tribunal de Contas dos Munic\u00edpios &#8211; TCM aprovou com pequenas ressalvas as presta\u00e7\u00f5es de contas do vereador Paulo Jorge Sousa Novato, o popular &#8216;Jorge Motos&#8217;. As contas aprovadas pelo TCM se referem ao exerc\u00edcio de 2015, quando Jorge Motos exerceu interinamente o cargo de prefeito do munic\u00edpio, [&hellip;]<\/p>\n","protected":false},"author":2,"featured_media":0,"comment_status":"open","ping_status":"open","sticky":false,"template":"","format":"standard","meta":{"footnotes":"","_links_to":"","_links_to_target":""},"categories":[1],"tags":[],"class_list":["post-63283","post","type-post","status-publish","format-standard","hentry","category-geral"],"views":1461,"_links":{"self":[{"href":"https:\/\/www.sudoestehoje.com.br\/novoportal\/wp-json\/wp\/v2\/posts\/63283","targetHints":{"allow":["GET"]}}],"collection":[{"href":"https:\/\/www.sudoestehoje.com.br\/novoportal\/wp-json\/wp\/v2\/posts"}],"about":[{"href":"https:\/\/www.sudoestehoje.com.br\/novoportal\/wp-json\/wp\/v2\/types\/post"}],"author":[{"embeddable":true,"href":"https:\/\/www.sudoestehoje.com.br\/novoportal\/wp-json\/wp\/v2\/users\/2"}],"replies":[{"embeddable":true,"href":"https:\/\/www.sudoestehoje.com.br\/novoportal\/wp-json\/wp\/v2\/comments?post=63283"}],"version-history":[{"count":2,"href":"https:\/\/www.sudoestehoje.com.br\/novoportal\/wp-json\/wp\/v2\/posts\/63283\/revisions"}],"predecessor-version":[{"id":63288,"href":"https:\/\/www.sudoestehoje.com.br\/novoportal\/wp-json\/wp\/v2\/posts\/63283\/revisions\/63288"}],"wp:attachment":[{"href":"https:\/\/www.sudoestehoje.com.br\/novoportal\/wp-json\/wp\/v2\/media?parent=63283"}],"wp:term":[{"taxonomy":"category","embeddable":true,"href":"https:\/\/www.sudoestehoje.com.br\/novoportal\/wp-json\/wp\/v2\/categories?post=63283"},{"taxonomy":"post_tag","embeddable":true,"href":"https:\/\/www.sudoestehoje.com.br\/novoportal\/wp-json\/wp\/v2\/tags?post=63283"}],"curies":[{"name":"wp","href":"https:\/\/api.w.org\/{rel}","templated":true}]}}