
{"id":63280,"date":"2016-12-28T18:58:45","date_gmt":"2016-12-28T21:58:45","guid":{"rendered":"http:\/\/www.sudoestehoje.com.br\/novoportal\/?p=63280"},"modified":"2016-12-28T18:58:45","modified_gmt":"2016-12-28T21:58:45","slug":"itapetinga-servidores-perseguidos-do-concurso-de-2008-sao-empossados","status":"publish","type":"post","link":"https:\/\/www.sudoestehoje.com.br\/novoportal\/2016\/12\/28\/itapetinga-servidores-perseguidos-do-concurso-de-2008-sao-empossados\/","title":{"rendered":"ITAPETINGA: SERVIDORES PERSEGUIDOS DO CONCURSO DE 2008 S\u00c3O EMPOSSADOS"},"content":{"rendered":"<p><img loading=\"lazy\" decoding=\"async\" class=\"\" src=\"https:\/\/scontent-gru2-1.xx.fbcdn.net\/v\/t1.0-9\/15780896_1161886457213015_1351876981054436426_n.jpg?oh=9dfe38734bf68e5f5a4b2052be0347b2&amp;oe=5920662C\" alt=\"A imagem pode conter: 5 pessoas, pessoas sorrindo, pessoas em p\u00e9 e \u00e1rea interna\" width=\"500\" height=\"375\" \/><\/p>\n<p>Depois de muita luta na justi\u00e7a para garantir seus direitos como aprovados e classificados no concurso p\u00fablico de 2008, da prefeitura de Itapetinga, finalmente a lei se fez cumprir nesta quarta-feira (28), com a nomea\u00e7\u00e3o e posse de cerca de 80 servidores.<\/p>\n<p>Na final da semana passada, em entrevista numa r\u00e1dio local, o prefeito Z\u00e9 Carlos ainda tentou capitalizar politicamente o feito, apesar de ter sido ele o executor da cruel da persegui\u00e7\u00e3o contra esses servidores, que perderam por conta disso quase 8 anos de sal\u00e1rios e tempo de servi\u00e7o.<\/p>\n<p>Com a nomea\u00e7\u00e3o ao apagar das luzes, Z\u00e9 Carlos visava somente criar dificuldades para o novo prefeito que assume neste final de semana, mas foi logo desmascarado pelo futuro secret\u00e1rio de educa\u00e7\u00e3o Geraldo Trindade, que em entrevista no r\u00e1dio garantiu que o novo gestor, Rodrigo Hagge, n\u00e3o recorrer\u00e1 na justi\u00e7a contra as nomea\u00e7\u00f5es, absorvendo com satisfa\u00e7\u00e3o e respeito os novos nomeados.<\/p>\n<p>Valeu o esfor\u00e7o e a determina\u00e7\u00e3o dos novos servidores, que n\u00e3o descansaram at\u00e9 verem reconhecidos pela justi\u00e7a os seus direitos.<\/p>\n<p><strong><em>Por Davi Ferraz<\/em><\/strong><\/p>\n","protected":false},"excerpt":{"rendered":"<p>Depois de muita luta na justi\u00e7a para garantir seus direitos como aprovados e classificados no concurso p\u00fablico de 2008, da prefeitura de Itapetinga, finalmente a lei se fez cumprir nesta quarta-feira (28), com a nomea\u00e7\u00e3o e posse de cerca de 80 servidores. Na final da semana passada, em entrevista numa r\u00e1dio local, o prefeito Z\u00e9 [&hellip;]<\/p>\n","protected":false},"author":2,"featured_media":0,"comment_status":"open","ping_status":"open","sticky":false,"template":"","format":"standard","meta":{"footnotes":"","_links_to":"","_links_to_target":""},"categories":[1],"tags":[],"class_list":["post-63280","post","type-post","status-publish","format-standard","hentry","category-geral"],"views":2719,"_links":{"self":[{"href":"https:\/\/www.sudoestehoje.com.br\/novoportal\/wp-json\/wp\/v2\/posts\/63280","targetHints":{"allow":["GET"]}}],"collection":[{"href":"https:\/\/www.sudoestehoje.com.br\/novoportal\/wp-json\/wp\/v2\/posts"}],"about":[{"href":"https:\/\/www.sudoestehoje.com.br\/novoportal\/wp-json\/wp\/v2\/types\/post"}],"author":[{"embeddable":true,"href":"https:\/\/www.sudoestehoje.com.br\/novoportal\/wp-json\/wp\/v2\/users\/2"}],"replies":[{"embeddable":true,"href":"https:\/\/www.sudoestehoje.com.br\/novoportal\/wp-json\/wp\/v2\/comments?post=63280"}],"version-history":[{"count":1,"href":"https:\/\/www.sudoestehoje.com.br\/novoportal\/wp-json\/wp\/v2\/posts\/63280\/revisions"}],"predecessor-version":[{"id":63281,"href":"https:\/\/www.sudoestehoje.com.br\/novoportal\/wp-json\/wp\/v2\/posts\/63280\/revisions\/63281"}],"wp:attachment":[{"href":"https:\/\/www.sudoestehoje.com.br\/novoportal\/wp-json\/wp\/v2\/media?parent=63280"}],"wp:term":[{"taxonomy":"category","embeddable":true,"href":"https:\/\/www.sudoestehoje.com.br\/novoportal\/wp-json\/wp\/v2\/categories?post=63280"},{"taxonomy":"post_tag","embeddable":true,"href":"https:\/\/www.sudoestehoje.com.br\/novoportal\/wp-json\/wp\/v2\/tags?post=63280"}],"curies":[{"name":"wp","href":"https:\/\/api.w.org\/{rel}","templated":true}]}}