
{"id":63275,"date":"2016-12-28T12:40:05","date_gmt":"2016-12-28T15:40:05","guid":{"rendered":"http:\/\/www.sudoestehoje.com.br\/novoportal\/?p=63275"},"modified":"2016-12-28T12:40:05","modified_gmt":"2016-12-28T15:40:05","slug":"prefeituras-dinheiro-da-repatriacao-pode-ficar-para-o-ano-que-vem","status":"publish","type":"post","link":"https:\/\/www.sudoestehoje.com.br\/novoportal\/2016\/12\/28\/prefeituras-dinheiro-da-repatriacao-pode-ficar-para-o-ano-que-vem\/","title":{"rendered":"PREFEITURAS: DINHEIRO DA REPATRIA\u00c7\u00c3O PODE FICAR PARA O ANO QUE VEM"},"content":{"rendered":"<p><img loading=\"lazy\" decoding=\"async\" class=\"\" src=\"http:\/\/direitodiario.com.br\/wp-content\/uploads\/2016\/01\/dinheiro-voando_097bdfa3.jpg\" alt=\"Resultado de imagem para DINHEIRO REPATRIA\u00c7\u00c3O\" width=\"500\" height=\"318\" \/><\/p>\n<p>Um enrosco burocr\u00e1tico deve fazer com que os prefeitos fiquem sem o dinheiro da repatria\u00e7\u00e3o este ano, conforme prometido por Michel Temer.\u00a0Integrantes do governo j\u00e1 n\u00e3o veem muitas chances disso acontecer.<\/p>\n<p>O Tesouro mant\u00e9m a programa\u00e7\u00e3o de transferir os recursos dia 30 de dezembro, como prev\u00ea a medida provis\u00f3ria.\u00a0O problema \u00e9 que, nesse dia, h\u00e1 feriado banc\u00e1rio. Integrantes do Banco do Brasil avaliam que, para dar tempo, o governo teria de depositar tudo nesta quarta (28).<\/p>\n<p>A FNP (Frente Nacional de Prefeitos) tentava no STF a antecipa\u00e7\u00e3o do dep\u00f3sito. Na ter\u00e7a (27), o pedido de liminar foi negado.<\/p>\n<p><strong>E agora?<\/strong><\/p>\n<p>Muitos prefeitos contavam com os recursos da repatria\u00e7\u00e3o para fechar as contas e agora temem infringir a Lei de Responsabilidade Fiscal, afirma M\u00e1rcio Lacerda (PSB), prefeito de Belo Horizonte e presidente da FNP. \/\/ <em>Folha UOL<\/em><\/p>\n<p><img loading=\"lazy\" decoding=\"async\" class=\"\" src=\"https:\/\/scontent-gru2-1.xx.fbcdn.net\/v\/t1.0-9\/15665446_1226912300733502_3760346325132059579_n.jpg?oh=8a59568ee58d5831272d4f1aeff8f16e&amp;oe=59241D53\" alt=\"A imagem pode conter: comida e texto\" width=\"503\" height=\"190\" \/><\/p>\n<p>&nbsp;<\/p>\n","protected":false},"excerpt":{"rendered":"<p>Um enrosco burocr\u00e1tico deve fazer com que os prefeitos fiquem sem o dinheiro da repatria\u00e7\u00e3o este ano, conforme prometido por Michel Temer.\u00a0Integrantes do governo j\u00e1 n\u00e3o veem muitas chances disso acontecer. O Tesouro mant\u00e9m a programa\u00e7\u00e3o de transferir os recursos dia 30 de dezembro, como prev\u00ea a medida provis\u00f3ria.\u00a0O problema \u00e9 que, nesse dia, h\u00e1 [&hellip;]<\/p>\n","protected":false},"author":2,"featured_media":0,"comment_status":"open","ping_status":"open","sticky":false,"template":"","format":"standard","meta":{"footnotes":"","_links_to":"","_links_to_target":""},"categories":[1],"tags":[],"class_list":["post-63275","post","type-post","status-publish","format-standard","hentry","category-geral"],"views":1466,"_links":{"self":[{"href":"https:\/\/www.sudoestehoje.com.br\/novoportal\/wp-json\/wp\/v2\/posts\/63275","targetHints":{"allow":["GET"]}}],"collection":[{"href":"https:\/\/www.sudoestehoje.com.br\/novoportal\/wp-json\/wp\/v2\/posts"}],"about":[{"href":"https:\/\/www.sudoestehoje.com.br\/novoportal\/wp-json\/wp\/v2\/types\/post"}],"author":[{"embeddable":true,"href":"https:\/\/www.sudoestehoje.com.br\/novoportal\/wp-json\/wp\/v2\/users\/2"}],"replies":[{"embeddable":true,"href":"https:\/\/www.sudoestehoje.com.br\/novoportal\/wp-json\/wp\/v2\/comments?post=63275"}],"version-history":[{"count":1,"href":"https:\/\/www.sudoestehoje.com.br\/novoportal\/wp-json\/wp\/v2\/posts\/63275\/revisions"}],"predecessor-version":[{"id":63276,"href":"https:\/\/www.sudoestehoje.com.br\/novoportal\/wp-json\/wp\/v2\/posts\/63275\/revisions\/63276"}],"wp:attachment":[{"href":"https:\/\/www.sudoestehoje.com.br\/novoportal\/wp-json\/wp\/v2\/media?parent=63275"}],"wp:term":[{"taxonomy":"category","embeddable":true,"href":"https:\/\/www.sudoestehoje.com.br\/novoportal\/wp-json\/wp\/v2\/categories?post=63275"},{"taxonomy":"post_tag","embeddable":true,"href":"https:\/\/www.sudoestehoje.com.br\/novoportal\/wp-json\/wp\/v2\/tags?post=63275"}],"curies":[{"name":"wp","href":"https:\/\/api.w.org\/{rel}","templated":true}]}}