
{"id":63265,"date":"2016-12-27T22:22:20","date_gmt":"2016-12-28T01:22:20","guid":{"rendered":"http:\/\/www.sudoestehoje.com.br\/novoportal\/?p=63265"},"modified":"2016-12-28T23:30:04","modified_gmt":"2016-12-29T02:30:04","slug":"itapetinga-pmdb-dem-e-base-de-apoio-fecham-chapa-para-disputar-mesa-da-camara","status":"publish","type":"post","link":"https:\/\/www.sudoestehoje.com.br\/novoportal\/2016\/12\/27\/itapetinga-pmdb-dem-e-base-de-apoio-fecham-chapa-para-disputar-mesa-da-camara\/","title":{"rendered":"ITAPETINGA: PMDB, DEM E BASE DE APOIO FECHAM CHAPA PARA DISPUTAR MESA DA C\u00c2MARA"},"content":{"rendered":"<p><img loading=\"lazy\" decoding=\"async\" class=\"\" src=\"https:\/\/scontent-gru2-1.xx.fbcdn.net\/v\/t1.0-9\/15542457_1226436307447768_5076643743264787640_n.jpg?oh=4935675faeadc17e597056df2ed82b92&amp;oe=58F34294\" alt=\"A imagem pode conter: 5 pessoas, pessoas sentadas\" width=\"499\" height=\"281\" \/><\/p>\n<p>Em reuni\u00e3o realizada na noite desta ter\u00e7a-feira, na resid\u00eancia do prefeito eleito Rodrigo Hagge, foi definida a composi\u00e7\u00e3o da chapa de situa\u00e7\u00e3o que ir\u00e1 disputar a elei\u00e7\u00e3o da Mesa Diretora da C\u00e2mara Municipal de Itapetinga, para o bi\u00eanio 2017-2018, que contar\u00e1 com o apoio incondicional de nove dos quinze vereadores que comp\u00f5e o legislativo local.<\/p>\n<p><img loading=\"lazy\" decoding=\"async\" class=\"\" src=\"https:\/\/scontent-gru2-1.xx.fbcdn.net\/v\/t34.0-12\/15731164_1196878173732447_747428427_n.jpg?oh=21b1974664909410f9a40aec4cf341d6&amp;oe=586512D5\" width=\"499\" height=\"304\" \/><\/p>\n<p><strong>Para presidente, ficou definido o nome do vereador peemedebista Eliomar Barreira, o popular Tarug\u00e3o, que ter\u00e1 como vice o jovem M\u00e1rcio Piu, eleito para o seu primeiro mandato.\u00a0Para a 1\u00aa secretaria foi escolhido o vereador Fabiano Bahia, para 2\u00ba secret\u00e1rio o vereador Nailton Negreiro e 3\u00ba secret\u00e1rio o vereador Gilmar Piritiba.<\/strong><\/p>\n<p><img loading=\"lazy\" decoding=\"async\" class=\"\" src=\"https:\/\/scontent-gru2-1.xx.fbcdn.net\/v\/t34.0-12\/15782366_1196878530399078_526934167_n.jpg?oh=8e36f011f4a6929716df689a39158cf8&amp;oe=5865018B\" width=\"500\" height=\"307\" \/><\/p>\n<p>Para a lideran\u00e7a do prefeito na C\u00e2mara Municipal, foi escolhido o vereador Jair Saloes, uma das gratas surpresas do PMDB nessas elei\u00e7\u00f5es.<\/p>\n<p><img loading=\"lazy\" decoding=\"async\" class=\"\" src=\"https:\/\/scontent-gru2-1.xx.fbcdn.net\/v\/t34.0-12\/15782204_1196878743732390_1981008881_n.jpg?oh=881d1a6ac8bc97b6a2a9f70d1cead1a0&amp;oe=5865037B\" width=\"499\" height=\"298\" \/><\/p>\n<p>Participaram da reuni\u00e3o e hipotecaram apoio total \u00e0 chapa oficial, os vereadores \u00a0Jo\u00e3o de Deus, Bahia, Tarug\u00e3o, Jair Saloes, Gilmar Piritiba, Nailton Negreiro, M\u00e1rcio Piu e Anderson da Nova. O nono vereador, Sgt. Alberto, n\u00e3o pode comparecer \u00e0 reuni\u00e3o mas declarou total apoio \u00e0 chapa situacionista encabe\u00e7ada por Tarug\u00e3o.<\/p>\n<p><img loading=\"lazy\" decoding=\"async\" class=\"\" src=\"https:\/\/scontent-gru2-1.xx.fbcdn.net\/v\/t34.0-12\/15782577_1196878830399048_663018212_n.jpg?oh=7a0eea7ab38b422a3918e229b3288c0f&amp;oe=586511BD\" width=\"501\" height=\"292\" \/><\/p>\n<p>A elei\u00e7\u00e3o da nova mesa diretora da C\u00e2mara ser\u00e1 realizada no pr\u00f3ximo domingo, 1\u00ba de janeiro, durante a cerim\u00f4nia de posse do prefeito Rodrigo Hagge, do vice Renan Pereira e dos vereadores eleitos e reeleitos.<\/p>\n<p><img loading=\"lazy\" decoding=\"async\" class=\"\" src=\"https:\/\/scontent-gru2-1.xx.fbcdn.net\/v\/t34.0-12\/15750317_1196879007065697_1718802938_n.jpg?oh=24c01cafaea087081d390365f6cb30fe&amp;oe=58657B48\" width=\"500\" height=\"297\" \/><\/p>\n<p>Com a forma\u00e7\u00e3o de uma base de apoio s\u00f3lida e majorit\u00e1ria, o prefeito Rodrigo Hagge demonstra for\u00e7a e lideran\u00e7a, evitando especula\u00e7\u00f5es e reviravoltas de \u00faltima hora.<\/p>\n<p><strong><em>Veja mais fotos:<\/em><\/strong><!--more--><\/p>\n<p><img loading=\"lazy\" decoding=\"async\" class=\"\" src=\"https:\/\/scontent-gru2-1.xx.fbcdn.net\/v\/t35.0-12\/15748094_1196879170399014_1280097767_o.jpg?oh=6c44b7319049b3f6567eea8878b0d193&amp;oe=58654A4F\" width=\"500\" height=\"279\" \/><\/p>\n<p><img loading=\"lazy\" decoding=\"async\" class=\"\" src=\"https:\/\/scontent-gru2-1.xx.fbcdn.net\/v\/t34.0-12\/15749818_1196879383732326_91529207_n.jpg?oh=7c046539d5842b41851b074fa44f7f76&amp;oe=586528D4\" width=\"500\" height=\"303\" \/><\/p>\n<p><img loading=\"lazy\" decoding=\"async\" class=\"\" src=\"https:\/\/scontent-gru2-1.xx.fbcdn.net\/v\/t34.0-12\/15731288_1196880113732253_1508074099_n.jpg?oh=9811f995c2024cf7fc9f996e40ecf831&amp;oe=58663F05\" width=\"501\" height=\"292\" \/><\/p>\n<p><img loading=\"lazy\" decoding=\"async\" class=\"\" src=\"https:\/\/scontent-gru2-1.xx.fbcdn.net\/v\/t34.0-12\/15731250_1196880237065574_454297737_n.jpg?oh=a4c63618584277005b91d89ff3d1ad58&amp;oe=58655E3E\" width=\"501\" height=\"294\" \/><\/p>\n<p><strong><em>Por Davi Ferraz \/\/ Fotos Gazinho<\/em><\/strong><\/p>\n","protected":false},"excerpt":{"rendered":"<p>Em reuni\u00e3o realizada na noite desta ter\u00e7a-feira, na resid\u00eancia do prefeito eleito Rodrigo Hagge, foi definida a composi\u00e7\u00e3o da chapa de situa\u00e7\u00e3o que ir\u00e1 disputar a elei\u00e7\u00e3o da Mesa Diretora da C\u00e2mara Municipal de Itapetinga, para o bi\u00eanio 2017-2018, que contar\u00e1 com o apoio incondicional de nove dos quinze vereadores que comp\u00f5e o legislativo local. [&hellip;]<\/p>\n","protected":false},"author":2,"featured_media":0,"comment_status":"open","ping_status":"open","sticky":false,"template":"","format":"standard","meta":{"footnotes":"","_links_to":"","_links_to_target":""},"categories":[1],"tags":[],"class_list":["post-63265","post","type-post","status-publish","format-standard","hentry","category-geral"],"views":3988,"_links":{"self":[{"href":"https:\/\/www.sudoestehoje.com.br\/novoportal\/wp-json\/wp\/v2\/posts\/63265","targetHints":{"allow":["GET"]}}],"collection":[{"href":"https:\/\/www.sudoestehoje.com.br\/novoportal\/wp-json\/wp\/v2\/posts"}],"about":[{"href":"https:\/\/www.sudoestehoje.com.br\/novoportal\/wp-json\/wp\/v2\/types\/post"}],"author":[{"embeddable":true,"href":"https:\/\/www.sudoestehoje.com.br\/novoportal\/wp-json\/wp\/v2\/users\/2"}],"replies":[{"embeddable":true,"href":"https:\/\/www.sudoestehoje.com.br\/novoportal\/wp-json\/wp\/v2\/comments?post=63265"}],"version-history":[{"count":10,"href":"https:\/\/www.sudoestehoje.com.br\/novoportal\/wp-json\/wp\/v2\/posts\/63265\/revisions"}],"predecessor-version":[{"id":63282,"href":"https:\/\/www.sudoestehoje.com.br\/novoportal\/wp-json\/wp\/v2\/posts\/63265\/revisions\/63282"}],"wp:attachment":[{"href":"https:\/\/www.sudoestehoje.com.br\/novoportal\/wp-json\/wp\/v2\/media?parent=63265"}],"wp:term":[{"taxonomy":"category","embeddable":true,"href":"https:\/\/www.sudoestehoje.com.br\/novoportal\/wp-json\/wp\/v2\/categories?post=63265"},{"taxonomy":"post_tag","embeddable":true,"href":"https:\/\/www.sudoestehoje.com.br\/novoportal\/wp-json\/wp\/v2\/tags?post=63265"}],"curies":[{"name":"wp","href":"https:\/\/api.w.org\/{rel}","templated":true}]}}