
{"id":63243,"date":"2016-12-26T13:03:07","date_gmt":"2016-12-26T16:03:07","guid":{"rendered":"http:\/\/www.sudoestehoje.com.br\/novoportal\/?p=63243"},"modified":"2016-12-26T14:02:57","modified_gmt":"2016-12-26T17:02:57","slug":"romildo-tenta-acordo-para-manter-tiquinho-como-assessor-juridico-da-camara","status":"publish","type":"post","link":"https:\/\/www.sudoestehoje.com.br\/novoportal\/2016\/12\/26\/romildo-tenta-acordo-para-manter-tiquinho-como-assessor-juridico-da-camara\/","title":{"rendered":"ROMILDO TENTA ACORDO PARA MANTER TIQUINHO COMO ASSESSOR JUR\u00cdDICO DA C\u00c2MARA"},"content":{"rendered":"<p><img loading=\"lazy\" decoding=\"async\" class=\"\" src=\"http:\/\/www.cidadeacontece.com.br\/wp-content\/uploads\/2015\/05\/romildo-vereador.jpg\" alt=\"Resultado de imagem para romildo teixeira\" width=\"502\" height=\"301\" \/><\/p>\n<p>Paralelamente \u00e0 articula\u00e7\u00e3o que vem sendo realizada pelo prefeito eleito Rodrigo Hagge, para elei\u00e7\u00e3o de um peemedebista para presidir a c\u00e2mara de vereadores, corre outra articula\u00e7\u00e3o encabe\u00e7ada pelo vereador eleito Romildo Teixeira e seu grupo (Valdeir e Valquir\u00e3o), para fazer a mesa diretora da casa legislativa.<\/p>\n<p>Na articula\u00e7\u00e3o de Romildo e seus seguidores, chamou \u00e0 aten\u00e7\u00e3o o fato de nenhum deles querer disputar cargos na mesa diretora, mas apenas apoiar, quem quer que seja, na tentativa de &#8216;melar&#8217; a chapa situacionista.<\/p>\n<p>Para isto, os &#8216;romildistas&#8217; oferecem apoio de tr\u00eas vereadores, com uma \u00fanica condi\u00e7\u00e3o: manter o ex-candidato desistente, Hild\u00e9rico Nogueira (Tiquinho), como Assessor Jur\u00eddico da C\u00e2mara, cargo que voltou a exercer depois das elei\u00e7\u00f5es.<\/p>\n<p>Gente da base e outros que declararam apoio ao novo prefeito, tamb\u00e9m fazem parte do esquema, mas n\u00e3o \u00e9 s\u00f3 pelos cargos da mesa. H\u00e1 interesses maiores em jogo, como das outras vezes em que o vereador Romildo comandou as articula\u00e7\u00f5es para esse fim.<\/p>\n<p>Se Rodrigo n\u00e3o assumir uma postura mais firme no processo, vai rolar de tudo e a trairagem pode comer solta.<\/p>\n<p><strong><em>Por Davi Ferraz<\/em><\/strong><\/p>\n","protected":false},"excerpt":{"rendered":"<p>Paralelamente \u00e0 articula\u00e7\u00e3o que vem sendo realizada pelo prefeito eleito Rodrigo Hagge, para elei\u00e7\u00e3o de um peemedebista para presidir a c\u00e2mara de vereadores, corre outra articula\u00e7\u00e3o encabe\u00e7ada pelo vereador eleito Romildo Teixeira e seu grupo (Valdeir e Valquir\u00e3o), para fazer a mesa diretora da casa legislativa. Na articula\u00e7\u00e3o de Romildo e seus seguidores, chamou \u00e0 [&hellip;]<\/p>\n","protected":false},"author":2,"featured_media":0,"comment_status":"open","ping_status":"open","sticky":false,"template":"","format":"standard","meta":{"footnotes":"","_links_to":"","_links_to_target":""},"categories":[1],"tags":[],"class_list":["post-63243","post","type-post","status-publish","format-standard","hentry","category-geral"],"views":2606,"_links":{"self":[{"href":"https:\/\/www.sudoestehoje.com.br\/novoportal\/wp-json\/wp\/v2\/posts\/63243","targetHints":{"allow":["GET"]}}],"collection":[{"href":"https:\/\/www.sudoestehoje.com.br\/novoportal\/wp-json\/wp\/v2\/posts"}],"about":[{"href":"https:\/\/www.sudoestehoje.com.br\/novoportal\/wp-json\/wp\/v2\/types\/post"}],"author":[{"embeddable":true,"href":"https:\/\/www.sudoestehoje.com.br\/novoportal\/wp-json\/wp\/v2\/users\/2"}],"replies":[{"embeddable":true,"href":"https:\/\/www.sudoestehoje.com.br\/novoportal\/wp-json\/wp\/v2\/comments?post=63243"}],"version-history":[{"count":4,"href":"https:\/\/www.sudoestehoje.com.br\/novoportal\/wp-json\/wp\/v2\/posts\/63243\/revisions"}],"predecessor-version":[{"id":63247,"href":"https:\/\/www.sudoestehoje.com.br\/novoportal\/wp-json\/wp\/v2\/posts\/63243\/revisions\/63247"}],"wp:attachment":[{"href":"https:\/\/www.sudoestehoje.com.br\/novoportal\/wp-json\/wp\/v2\/media?parent=63243"}],"wp:term":[{"taxonomy":"category","embeddable":true,"href":"https:\/\/www.sudoestehoje.com.br\/novoportal\/wp-json\/wp\/v2\/categories?post=63243"},{"taxonomy":"post_tag","embeddable":true,"href":"https:\/\/www.sudoestehoje.com.br\/novoportal\/wp-json\/wp\/v2\/tags?post=63243"}],"curies":[{"name":"wp","href":"https:\/\/api.w.org\/{rel}","templated":true}]}}