
{"id":63231,"date":"2016-12-25T12:53:54","date_gmt":"2016-12-25T15:53:54","guid":{"rendered":"http:\/\/www.sudoestehoje.com.br\/novoportal\/?p=63231"},"modified":"2016-12-25T13:00:47","modified_gmt":"2016-12-25T16:00:47","slug":"jesus-nao-nasceu-no-dia-25-de-dezembro","status":"publish","type":"post","link":"https:\/\/www.sudoestehoje.com.br\/novoportal\/2016\/12\/25\/jesus-nao-nasceu-no-dia-25-de-dezembro\/","title":{"rendered":"JESUS N\u00c3O NASCEU NO DIA 25 DE DEZEMBRO"},"content":{"rendered":"<p><img loading=\"lazy\" decoding=\"async\" class=\"\" src=\"http:\/\/www.a12.com\/files\/media\/originals\/nascimento_de_jesus_418e41.jpg\" alt=\"Resultado de imagem para NASCIMENTO DE CRISTO\" width=\"499\" height=\"371\" \/><\/p>\n<p>Durante os 300 primeiros anos do cristianismo, seus seguidores n\u00e3o comemoraram o nascimento de Jesus. Para eles, isso n\u00e3o fazia o menor sentido. O importante era celebrar sua morte, que fez dele um m\u00e1rtir, e sua ressurrei\u00e7\u00e3o, que confirmava a condi\u00e7\u00e3o de filho de Deus. Foi s\u00f3 a partir do s\u00e9culo 4, quando a religi\u00e3o j\u00e1 era a oficial do Imp\u00e9rio Romano, que come\u00e7aram as discuss\u00f5es sobre quando o Messias teria vindo ao mundo. A data escolhida, 25 de dezembro, n\u00e3o tinha base em fatos reais. Mas j\u00e1 era velha conhecida da humanidade, desde os prim\u00f3rdios da civiliza\u00e7\u00e3o.<\/p>\n<p>V\u00e1rios povos antigos do hemisf\u00e9rio norte celebravam, no fim de dezembro, o solst\u00edcio de inverno (noite mais longa do ano). A partir daquela data, o Sol come\u00e7ava a ficar cada vez mais tempo no c\u00e9u. Eles comemoravam, portanto, o \u201crenascimento\u201d do astro que nos garante luz e calor. Era o pretexto necess\u00e1rio para comilan\u00e7as hom\u00e9ricas, que duravam dias e homenageavam deuses ligados \u00e0 fertilidade. Os babil\u00f4nios faziam festa para o deus Sol. Os persas, para Mithra. Os eg\u00edpcios, para Os\u00edris. Os gregos, para Dion\u00edsio. E os romanos se esbaldavam nas saturnais, festan\u00e7as em homenagem ao nascimento do deus Saturno. \u201cPara n\u00e3o entrar em conflito com todas essas tradi\u00e7\u00f5es milenares, a Igreja decidiu fixar a celebra\u00e7\u00e3o do nascimento de Jesus na mesma \u00e9poca do ano, fim de dezembro\u201d, explica Gabriele Cornelli, professor de filosofia antiga da Universidade de Bras\u00edlia (UnB).<\/p>\n<p>Mas, se o dia 25 de dezembro \u00e9 apenas simb\u00f3lico, quando foi que Jesus Cristo nasceu? N\u00e3o se sabe. Os arque\u00f3logos nunca encontraram evid\u00eancias que apontem para uma data exata. A \u00fanica pista vem dos evangelhos e sugere que n\u00e3o foi no marco zero da era crist\u00e3. \u201cPodemos dizer que Cristo nasceu antes de Cristo\u201d, diz o padre Manuel Hurtado, doutor em teologia e professor da Faculdade Jesu\u00edta de Filosofia e Teologia de Belo Horizonte (MG). Segundo a B\u00edblia, o nascimento de Jesus aconteceu na mesma \u00e9poca de um recenseamento ordenado pelo rei Herodes, que morreu no ano 4 a.C. Por isso, a maioria dos historiadores acredita que o filho de Deus tenha nascido entre 4 a.C. e 6 a.C.\/\/ <em>Super Interessante<\/em><\/p>\n<p><img decoding=\"async\" src=\"http:\/\/www.sudoestehoje.com.br\/novoportal\/wp-content\/uploads\/2014\/11\/Logomarca-HB-Sementes-500x134.jpg\" alt=\"Resultado de imagem para sementes HB itapetinga\" \/><\/p>\n","protected":false},"excerpt":{"rendered":"<p>Durante os 300 primeiros anos do cristianismo, seus seguidores n\u00e3o comemoraram o nascimento de Jesus. Para eles, isso n\u00e3o fazia o menor sentido. O importante era celebrar sua morte, que fez dele um m\u00e1rtir, e sua ressurrei\u00e7\u00e3o, que confirmava a condi\u00e7\u00e3o de filho de Deus. Foi s\u00f3 a partir do s\u00e9culo 4, quando a religi\u00e3o [&hellip;]<\/p>\n","protected":false},"author":2,"featured_media":0,"comment_status":"open","ping_status":"open","sticky":false,"template":"","format":"standard","meta":{"footnotes":"","_links_to":"","_links_to_target":""},"categories":[1],"tags":[],"class_list":["post-63231","post","type-post","status-publish","format-standard","hentry","category-geral"],"views":1161,"_links":{"self":[{"href":"https:\/\/www.sudoestehoje.com.br\/novoportal\/wp-json\/wp\/v2\/posts\/63231","targetHints":{"allow":["GET"]}}],"collection":[{"href":"https:\/\/www.sudoestehoje.com.br\/novoportal\/wp-json\/wp\/v2\/posts"}],"about":[{"href":"https:\/\/www.sudoestehoje.com.br\/novoportal\/wp-json\/wp\/v2\/types\/post"}],"author":[{"embeddable":true,"href":"https:\/\/www.sudoestehoje.com.br\/novoportal\/wp-json\/wp\/v2\/users\/2"}],"replies":[{"embeddable":true,"href":"https:\/\/www.sudoestehoje.com.br\/novoportal\/wp-json\/wp\/v2\/comments?post=63231"}],"version-history":[{"count":2,"href":"https:\/\/www.sudoestehoje.com.br\/novoportal\/wp-json\/wp\/v2\/posts\/63231\/revisions"}],"predecessor-version":[{"id":63236,"href":"https:\/\/www.sudoestehoje.com.br\/novoportal\/wp-json\/wp\/v2\/posts\/63231\/revisions\/63236"}],"wp:attachment":[{"href":"https:\/\/www.sudoestehoje.com.br\/novoportal\/wp-json\/wp\/v2\/media?parent=63231"}],"wp:term":[{"taxonomy":"category","embeddable":true,"href":"https:\/\/www.sudoestehoje.com.br\/novoportal\/wp-json\/wp\/v2\/categories?post=63231"},{"taxonomy":"post_tag","embeddable":true,"href":"https:\/\/www.sudoestehoje.com.br\/novoportal\/wp-json\/wp\/v2\/tags?post=63231"}],"curies":[{"name":"wp","href":"https:\/\/api.w.org\/{rel}","templated":true}]}}