
{"id":63222,"date":"2016-12-25T12:08:19","date_gmt":"2016-12-25T15:08:19","guid":{"rendered":"http:\/\/www.sudoestehoje.com.br\/novoportal\/?p=63222"},"modified":"2016-12-25T12:20:33","modified_gmt":"2016-12-25T15:20:33","slug":"nao-e-piada-rui-falcao-sugere-que-mecanismos-internos-do-pt-julguem-dirceu-e-palocci-e-nao-a-justica","status":"publish","type":"post","link":"https:\/\/www.sudoestehoje.com.br\/novoportal\/2016\/12\/25\/nao-e-piada-rui-falcao-sugere-que-mecanismos-internos-do-pt-julguem-dirceu-e-palocci-e-nao-a-justica\/","title":{"rendered":"N\u00c3O \u00c9 PIADA: RUI FALC\u00c3O SUGERE QUE &#8220;MECANISMOS INTERNOS&#8221; DO PT JULGUEM DIRCEU E PALOCCI, E N\u00c3O A JUSTI\u00c7A"},"content":{"rendered":"<div class=\"_6l- __c_\">\n<div class=\"uiScaledImageContainer _6m5 fbStoryAttachmentImage\"><img loading=\"lazy\" decoding=\"async\" class=\"scaledImageFitWidth img\" src=\"https:\/\/external-grt2-1.xx.fbcdn.net\/safe_image.php?d=AQDHj8oh8fJBwgZC&amp;w=476&amp;h=249&amp;url=http%3A%2F%2Fblogjornalivre.files.wordpress.com%2F2016%2F12%2Frui.jpg&amp;cfs=1&amp;upscale=1&amp;sx=0&amp;sy=59&amp;sw=624&amp;sh=326&amp;_nc_hash=AQDA9B9JYeieNnoG\" alt=\"\" width=\"501\" height=\"261\" \/><\/div>\n<\/div>\n<p>Em entrevista ao Estad\u00e3o, o presidente do PT, Rui Falc\u00e3o, demonstrou seu mais profundo desprezo pelas institui\u00e7\u00f5es brasileiras.<\/p>\n<p>Sem preocupa\u00e7\u00f5es com sua reputa\u00e7\u00e3o, ele sugeriu que os \u201cmecanismos\u201d internos do partido s\u00e3o suficientes para \u201cjulgar\u201d pol\u00edticos corruptos como Jos\u00e9 Dirceu e Ant\u00f4nio Palocci.<\/p>\n<p>Caso voc\u00ea n\u00e3o acredite, aqui est\u00e1 a afirma\u00e7\u00e3o completa:<em> \u201cTemos mecanismos internos, comiss\u00e3o de \u00e9tica, uma corregedoria, para avaliar comportamentos de filiados dentro das nossas regras com direito de defesa, contradit\u00f3rio, no devido processo legal do PT. N\u00f3s n\u00e3o aceitamos, na conjuntura atual como foi o mensal\u00e3o e Lava Jato, um processo de julgamento enviesado e viciado\u201d<\/em>.<\/p>\n<p>Existe um pa\u00eds no qual apenas o partido (\u00fanico) define quem \u00e9 culpado ou inocente perante a lei: Cuba.<\/p>\n<p><img loading=\"lazy\" decoding=\"async\" class=\"\" src=\"https:\/\/scontent-grt2-1.xx.fbcdn.net\/v\/t1.0-9\/15541328_1890950167802531_6123190081707574953_n.png?oh=4446cdbf0e371fa39eebbb10f31b729c&amp;oe=58B7D930\" width=\"500\" height=\"190\" \/><\/p>\n","protected":false},"excerpt":{"rendered":"<p>Em entrevista ao Estad\u00e3o, o presidente do PT, Rui Falc\u00e3o, demonstrou seu mais profundo desprezo pelas institui\u00e7\u00f5es brasileiras. Sem preocupa\u00e7\u00f5es com sua reputa\u00e7\u00e3o, ele sugeriu que os \u201cmecanismos\u201d internos do partido s\u00e3o suficientes para \u201cjulgar\u201d pol\u00edticos corruptos como Jos\u00e9 Dirceu e Ant\u00f4nio Palocci. Caso voc\u00ea n\u00e3o acredite, aqui est\u00e1 a afirma\u00e7\u00e3o completa: \u201cTemos mecanismos internos, [&hellip;]<\/p>\n","protected":false},"author":2,"featured_media":0,"comment_status":"open","ping_status":"open","sticky":false,"template":"","format":"standard","meta":{"footnotes":"","_links_to":"","_links_to_target":""},"categories":[1],"tags":[],"class_list":["post-63222","post","type-post","status-publish","format-standard","hentry","category-geral"],"views":1089,"_links":{"self":[{"href":"https:\/\/www.sudoestehoje.com.br\/novoportal\/wp-json\/wp\/v2\/posts\/63222","targetHints":{"allow":["GET"]}}],"collection":[{"href":"https:\/\/www.sudoestehoje.com.br\/novoportal\/wp-json\/wp\/v2\/posts"}],"about":[{"href":"https:\/\/www.sudoestehoje.com.br\/novoportal\/wp-json\/wp\/v2\/types\/post"}],"author":[{"embeddable":true,"href":"https:\/\/www.sudoestehoje.com.br\/novoportal\/wp-json\/wp\/v2\/users\/2"}],"replies":[{"embeddable":true,"href":"https:\/\/www.sudoestehoje.com.br\/novoportal\/wp-json\/wp\/v2\/comments?post=63222"}],"version-history":[{"count":4,"href":"https:\/\/www.sudoestehoje.com.br\/novoportal\/wp-json\/wp\/v2\/posts\/63222\/revisions"}],"predecessor-version":[{"id":63226,"href":"https:\/\/www.sudoestehoje.com.br\/novoportal\/wp-json\/wp\/v2\/posts\/63222\/revisions\/63226"}],"wp:attachment":[{"href":"https:\/\/www.sudoestehoje.com.br\/novoportal\/wp-json\/wp\/v2\/media?parent=63222"}],"wp:term":[{"taxonomy":"category","embeddable":true,"href":"https:\/\/www.sudoestehoje.com.br\/novoportal\/wp-json\/wp\/v2\/categories?post=63222"},{"taxonomy":"post_tag","embeddable":true,"href":"https:\/\/www.sudoestehoje.com.br\/novoportal\/wp-json\/wp\/v2\/tags?post=63222"}],"curies":[{"name":"wp","href":"https:\/\/api.w.org\/{rel}","templated":true}]}}