
{"id":63220,"date":"2016-12-25T11:54:37","date_gmt":"2016-12-25T14:54:37","guid":{"rendered":"http:\/\/www.sudoestehoje.com.br\/novoportal\/?p=63220"},"modified":"2016-12-25T12:22:14","modified_gmt":"2016-12-25T15:22:14","slug":"sem-salarios-ha-36-dias-servidores-fazem-fila-por-cesta-de-natal-no-rio-de-janeiro","status":"publish","type":"post","link":"https:\/\/www.sudoestehoje.com.br\/novoportal\/2016\/12\/25\/sem-salarios-ha-36-dias-servidores-fazem-fila-por-cesta-de-natal-no-rio-de-janeiro\/","title":{"rendered":"SEM SAL\u00c1RIOS H\u00c1 36 DIAS, SERVIDORES FAZEM FILA POR CESTA DE NATAL NO RIO DE JANEIRO"},"content":{"rendered":"<div class=\"mc-column content-text active-extra-styles active-capital-letter\" data-block-type=\"unstyled\">\n<p class=\"content-text__container theme-color-primary-first-letter\" data-track-category=\"Link no Texto\" data-track-links=\"\"><img loading=\"lazy\" decoding=\"async\" class=\"\" src=\"http:\/\/s2.glbimg.com\/DqpKA0vcl3MjOWSPQcaWwA1zAyE=\/0x0:1700x1065\/984x0\/smart\/filters:strip_icc()\/i.s3.glbimg.com\/v1\/AUTH_59edd422c0c84a879bd37670ae4f538a\/internal_photos\/bs\/2016\/p\/N\/UJmEa3RfOwlJ49nRuG9g\/fila.jpg\" alt=\"Servidores do RJ fazem fila por cesta b\u00e1sica: 'N\u00e3o temos 13\u00ba, nem sal\u00e1rio. Ser\u00e1 nossa ceia de natal' (Foto: Reprodu\u00e7\u00e3o \/ TV Globo)\" width=\"500\" height=\"313\" \/><\/p>\n<p class=\"content-text__container theme-color-primary-first-letter\" data-track-category=\"Link no Texto\" data-track-links=\"\">Data do dia 16 de novembro o \u00faltimo dep\u00f3sito do Estado na conta da maioria dos servidores. S\u00e3o 36 dias com a conta zerada. E a situa\u00e7\u00e3o deve piorar: o Governo diz que n\u00e3o tem dinheiro para pagar as duas primeiras parcelas dos sal\u00e1rios de novembro, que seriam quitadas agora no final de dezembro. A situa\u00e7\u00e3o deixa trabalhadores e pensionistas preocupados, como mostrou o RJTV desta quinta-feira (22).<\/p>\n<\/div>\n<div class=\"mc-column content-text active-extra-styles\" data-block-type=\"unstyled\">\n<p class=\"content-text__container \" data-track-category=\"Link no Texto\" data-track-links=\"\">&#8220;Voc\u00ea n\u00e3o vai deixar de comer, de pagar uma luz, uma \u00e1gua, um aluguel. Tem que arrumar dinheiro. Faz o que? Pega empr\u00e9stimo. Quando v\u00ea, faz uma bola de neve&#8221;, disse uma servidora ao RJTV.<\/p>\n<\/div>\n<div class=\"mc-column content-text active-extra-styles\" data-block-type=\"unstyled\">\n<p class=\"content-text__container \" data-track-category=\"Link no Texto\" data-track-links=\"\">As contas do Estado foram bloqueadas por causa de um calote na Uni\u00e3o de R$ 128 milh\u00f5es. Com isso, os valores que seriam depositados na sexta-feira (23) e no dia 30 n\u00e3o t\u00eam mais data para sair. O novo calend\u00e1rio deve ser divulgado na pr\u00f3xima segunda-feira (26).<\/p>\n<\/div>\n<div class=\"mc-column content-text active-extra-styles\" data-block-type=\"unstyled\">\n<p class=\"content-text__container \" data-track-category=\"Link no Texto\" data-track-links=\"\">Nesta quinta, uma longa fila se formou na porta do Movimento Unificado dos Servidores P\u00fablicos Estaduais do Rio (Muspe). Era mais uma distribui\u00e7\u00e3o de cestas b\u00e1sicas e teve gente que chegou com 5 horas de anteced\u00eancia para garantir.<\/p>\n<\/div>\n<div class=\"mc-column content-text active-extra-styles\" data-block-type=\"unstyled\">\n<p class=\"content-text__container \" data-track-category=\"Link no Texto\" data-track-links=\"\">&#8220;N\u00f3s n\u00e3o temos 13\u00ba, nem sal\u00e1rio. Ent\u00e3o a cesta doada ser\u00e1 nossa ceia de Natal&#8221;, diz ela.<\/p>\n<p class=\"content-text__container \" data-track-category=\"Link no Texto\" data-track-links=\"\">Os sal\u00e1rios dos servidores estaduais do Rio de Janeiro vinham sendo parcelados, depois que o Estado quebrou, por m\u00e1 gest\u00e3o.<\/p>\n<p class=\"content-text__container \" data-track-category=\"Link no Texto\" data-track-links=\"\"><img loading=\"lazy\" decoding=\"async\" class=\"\" src=\"https:\/\/scontent-grt2-1.xx.fbcdn.net\/v\/t1.0-9\/15037226_389958684728728_6181766751400135018_n.jpg?oh=13720a32b47f9e5db24d4518b30e1768&amp;oe=58F68AB7\" width=\"499\" height=\"185\" \/><\/p>\n<\/div>\n","protected":false},"excerpt":{"rendered":"<p>Data do dia 16 de novembro o \u00faltimo dep\u00f3sito do Estado na conta da maioria dos servidores. S\u00e3o 36 dias com a conta zerada. E a situa\u00e7\u00e3o deve piorar: o Governo diz que n\u00e3o tem dinheiro para pagar as duas primeiras parcelas dos sal\u00e1rios de novembro, que seriam quitadas agora no final de dezembro. A [&hellip;]<\/p>\n","protected":false},"author":2,"featured_media":0,"comment_status":"open","ping_status":"open","sticky":false,"template":"","format":"standard","meta":{"footnotes":"","_links_to":"","_links_to_target":""},"categories":[1],"tags":[],"class_list":["post-63220","post","type-post","status-publish","format-standard","hentry","category-geral"],"views":1180,"_links":{"self":[{"href":"https:\/\/www.sudoestehoje.com.br\/novoportal\/wp-json\/wp\/v2\/posts\/63220","targetHints":{"allow":["GET"]}}],"collection":[{"href":"https:\/\/www.sudoestehoje.com.br\/novoportal\/wp-json\/wp\/v2\/posts"}],"about":[{"href":"https:\/\/www.sudoestehoje.com.br\/novoportal\/wp-json\/wp\/v2\/types\/post"}],"author":[{"embeddable":true,"href":"https:\/\/www.sudoestehoje.com.br\/novoportal\/wp-json\/wp\/v2\/users\/2"}],"replies":[{"embeddable":true,"href":"https:\/\/www.sudoestehoje.com.br\/novoportal\/wp-json\/wp\/v2\/comments?post=63220"}],"version-history":[{"count":3,"href":"https:\/\/www.sudoestehoje.com.br\/novoportal\/wp-json\/wp\/v2\/posts\/63220\/revisions"}],"predecessor-version":[{"id":63228,"href":"https:\/\/www.sudoestehoje.com.br\/novoportal\/wp-json\/wp\/v2\/posts\/63220\/revisions\/63228"}],"wp:attachment":[{"href":"https:\/\/www.sudoestehoje.com.br\/novoportal\/wp-json\/wp\/v2\/media?parent=63220"}],"wp:term":[{"taxonomy":"category","embeddable":true,"href":"https:\/\/www.sudoestehoje.com.br\/novoportal\/wp-json\/wp\/v2\/categories?post=63220"},{"taxonomy":"post_tag","embeddable":true,"href":"https:\/\/www.sudoestehoje.com.br\/novoportal\/wp-json\/wp\/v2\/tags?post=63220"}],"curies":[{"name":"wp","href":"https:\/\/api.w.org\/{rel}","templated":true}]}}