
{"id":63207,"date":"2016-12-22T22:56:54","date_gmt":"2016-12-23T01:56:54","guid":{"rendered":"http:\/\/www.sudoestehoje.com.br\/novoportal\/?p=63207"},"modified":"2016-12-23T20:42:33","modified_gmt":"2016-12-23T23:42:33","slug":"invasoes-de-espacos-publicos-em-itapetinga-sao-criticadas-pela-populacao","status":"publish","type":"post","link":"https:\/\/www.sudoestehoje.com.br\/novoportal\/2016\/12\/22\/invasoes-de-espacos-publicos-em-itapetinga-sao-criticadas-pela-populacao\/","title":{"rendered":"INVAS\u00d5ES DE ESPA\u00c7OS PUBLICOS EM ITAPETINGA S\u00c3O CRITICADAS PELA POPULA\u00c7\u00c3O"},"content":{"rendered":"<p><img loading=\"lazy\" decoding=\"async\" class=\"\" src=\"https:\/\/scontent-grt2-1.xx.fbcdn.net\/v\/t1.0-9\/15665714_1273649092692691_7638136200573225374_n.jpg?oh=46335b5779261dde1e7a974305bb9c50&amp;oe=58DC6509\" alt=\"A imagem pode conter: c\u00e9u, \u00e1rvore, nuvem, casa, planta e atividades ao ar livre\" width=\"501\" height=\"334\" \/><\/p>\n<p>Um verdadeiro festival de ocupa\u00e7\u00e3o irregular de espa\u00e7os p\u00fablicos que ocorre em Itapetinga, neste final da gest\u00e3o do prefeito Z\u00e9 Carlos, para constru\u00e7\u00e3o de trailers, quiosques e outros armengues, vem sendo duramente criticado pela popula\u00e7\u00e3o, atrav\u00e9s da redes sociais.<\/p>\n<p><img loading=\"lazy\" decoding=\"async\" class=\"\" src=\"https:\/\/scontent-grt2-1.xx.fbcdn.net\/v\/t1.0-9\/15697757_1273648889359378_984470534225527539_n.jpg?oh=53936d9404b2b5512c5fc0ca57a4dba8&amp;oe=58E30C5F\" alt=\"A imagem pode conter: planta, c\u00e9u, \u00e1rvore e atividades ao ar livre\" width=\"499\" height=\"333\" \/><\/p>\n<p>A maioria das cr\u00edticas recai sobre a administra\u00e7\u00e3o municipal do prefeito em fim de mandato, que est\u00e1 distribuindo alvar\u00e1s graciosos aos seus correligion\u00e1rios e apadrinhados, para constru\u00e7\u00e3o desses quiosques em pra\u00e7as, jardins, terrenos e outros espa\u00e7os p\u00fablicos, sem projetos previamente avaliados e aprovados pela Secretaria de Urbanismo e Infraestrutura, como determina o C\u00f3digo de Posturas do Munic\u00edpio.<\/p>\n<p><img loading=\"lazy\" decoding=\"async\" class=\"\" src=\"https:\/\/scontent-grt2-1.xx.fbcdn.net\/v\/t1.0-9\/15697714_1221616811263051_4156348333075958604_n.jpg?oh=4362d9c2a3ef16e31798176269577f55&amp;oe=58E1562E\" alt=\"A imagem pode conter: uma ou mais pessoas, c\u00e9u e atividades ao ar livre\" width=\"499\" height=\"299\" \/><\/p>\n<p>Com o benepl\u00e1cito do prefeito e seus prepostos, as armengadas constru\u00e7\u00f5es est\u00e3o sendo edificadas nas carreiras, a fim de serem conclu\u00eddas antes da posse do pr\u00f3ximo prefeito, que n\u00e3o concorda com essa pr\u00e1tica e que certamente revogar\u00e1 todos os alvar\u00e1s, determinando a demoli\u00e7\u00e3o e remo\u00e7\u00e3o desses irregulares trambolhos.<\/p>\n<p>\u00c9 s\u00f3 aguardar&#8230;<\/p>\n<p><img loading=\"lazy\" decoding=\"async\" class=\"\" src=\"https:\/\/scontent-grt2-1.xx.fbcdn.net\/v\/t1.0-9\/15665900_1221616807929718_6510244134304949241_n.jpg?oh=16111470e143ddc1fe082f1af940f004&amp;oe=58EEBE89\" alt=\"A imagem pode conter: \u00e1rvore e atividades ao ar livre\" width=\"499\" height=\"299\" \/><\/p>\n<p><strong>Veja mais fotos:<\/strong><!--more--><\/p>\n<p><img loading=\"lazy\" decoding=\"async\" class=\"\" src=\"https:\/\/scontent-grt2-1.xx.fbcdn.net\/v\/t35.0-12\/15387626_1367061293326307_45468371_o.jpg?oh=9f66fe011039eeafbd642a8040455e15&amp;oe=585FD23A\" width=\"499\" height=\"281\" \/><\/p>\n<p><img loading=\"lazy\" decoding=\"async\" class=\"\" src=\"https:\/\/scontent-grt2-1.xx.fbcdn.net\/v\/t1.0-9\/15621678_1221616804596385_7783370836845575327_n.jpg?oh=7c10701e685533dd48cfddb5c6eb12b5&amp;oe=58F85AA1\" alt=\"A imagem pode conter: \u00e1rvore, c\u00e9u, casa, atividades ao ar livre e natureza\" width=\"500\" height=\"300\" \/><\/p>\n<p><strong><em>Por Davi Ferraz<\/em><\/strong><\/p>\n","protected":false},"excerpt":{"rendered":"<p>Um verdadeiro festival de ocupa\u00e7\u00e3o irregular de espa\u00e7os p\u00fablicos que ocorre em Itapetinga, neste final da gest\u00e3o do prefeito Z\u00e9 Carlos, para constru\u00e7\u00e3o de trailers, quiosques e outros armengues, vem sendo duramente criticado pela popula\u00e7\u00e3o, atrav\u00e9s da redes sociais. A maioria das cr\u00edticas recai sobre a administra\u00e7\u00e3o municipal do prefeito em fim de mandato, que [&hellip;]<\/p>\n","protected":false},"author":2,"featured_media":0,"comment_status":"open","ping_status":"open","sticky":false,"template":"","format":"standard","meta":{"footnotes":"","_links_to":"","_links_to_target":""},"categories":[1],"tags":[],"class_list":["post-63207","post","type-post","status-publish","format-standard","hentry","category-geral"],"views":3929,"_links":{"self":[{"href":"https:\/\/www.sudoestehoje.com.br\/novoportal\/wp-json\/wp\/v2\/posts\/63207","targetHints":{"allow":["GET"]}}],"collection":[{"href":"https:\/\/www.sudoestehoje.com.br\/novoportal\/wp-json\/wp\/v2\/posts"}],"about":[{"href":"https:\/\/www.sudoestehoje.com.br\/novoportal\/wp-json\/wp\/v2\/types\/post"}],"author":[{"embeddable":true,"href":"https:\/\/www.sudoestehoje.com.br\/novoportal\/wp-json\/wp\/v2\/users\/2"}],"replies":[{"embeddable":true,"href":"https:\/\/www.sudoestehoje.com.br\/novoportal\/wp-json\/wp\/v2\/comments?post=63207"}],"version-history":[{"count":5,"href":"https:\/\/www.sudoestehoje.com.br\/novoportal\/wp-json\/wp\/v2\/posts\/63207\/revisions"}],"predecessor-version":[{"id":63217,"href":"https:\/\/www.sudoestehoje.com.br\/novoportal\/wp-json\/wp\/v2\/posts\/63207\/revisions\/63217"}],"wp:attachment":[{"href":"https:\/\/www.sudoestehoje.com.br\/novoportal\/wp-json\/wp\/v2\/media?parent=63207"}],"wp:term":[{"taxonomy":"category","embeddable":true,"href":"https:\/\/www.sudoestehoje.com.br\/novoportal\/wp-json\/wp\/v2\/categories?post=63207"},{"taxonomy":"post_tag","embeddable":true,"href":"https:\/\/www.sudoestehoje.com.br\/novoportal\/wp-json\/wp\/v2\/tags?post=63207"}],"curies":[{"name":"wp","href":"https:\/\/api.w.org\/{rel}","templated":true}]}}