
{"id":63202,"date":"2016-12-22T22:04:45","date_gmt":"2016-12-23T01:04:45","guid":{"rendered":"http:\/\/www.sudoestehoje.com.br\/novoportal\/?p=63202"},"modified":"2016-12-22T22:08:51","modified_gmt":"2016-12-23T01:08:51","slug":"pre-lancamento-do-residencial-melyna","status":"publish","type":"post","link":"https:\/\/www.sudoestehoje.com.br\/novoportal\/2016\/12\/22\/pre-lancamento-do-residencial-melyna\/","title":{"rendered":"PR\u00c9-LAN\u00c7AMENTO DO RESIDENCIAL MELYNA"},"content":{"rendered":"<p><span style=\"color: #33cccc;\"><em><strong>PUBLICIDADE<\/strong><\/em><\/span><\/p>\n<p><img loading=\"lazy\" decoding=\"async\" class=\"\" src=\"https:\/\/scontent-grt2-1.xx.fbcdn.net\/v\/t1.0-9\/15622279_1221584077932991_6513823591117029487_n.jpg?oh=bc6d74807f58acc1c4cf98a0b7c38a29&amp;oe=58DBF5DB\" alt=\"A imagem pode conter: 1 pessoa, texto\" width=\"500\" height=\"755\" \/><\/p>\n<p>Em coletiva \u00e0 imprensa, o empres\u00e1rio Marcos Brasil fez o pr\u00e9-lan\u00e7amento do Residencial Melyna, um condom\u00ednio residencial 100% ecol\u00f3gico a ser constru\u00eddo na Av. Beira Rio, \u00e0s margens do Rio Catol\u00e9, no bairro S\u00e3o Francisco de Assis, em Itapetinga.<\/p>\n<p>Na coletiva, Marcos Brasil fez a apresenta\u00e7\u00e3o do arrojado projeto, agradando em cheio a todos os participantes. Ap\u00f3s sua explana\u00e7\u00e3o, o empres\u00e1rio respondeu as indaga\u00e7\u00f5es dos radialistas e blogueiros presentes, esclarecendo todas as d\u00favidas sobre o empreendimento, principalmente no que diz respeito aos cuidados pela preserva\u00e7\u00e3o do meio ambiente, o ponto forte do projeto.<\/p>\n<p>O lan\u00e7amento definitivo do empreendimento dever\u00e1 acontecer em janeiro ou fevereiro, ap\u00f3s conclu\u00eddos os \u00faltimos detalhes do projeto, com o in\u00edcio das obras. \/\/<em>Ascom<\/em><\/p>\n","protected":false},"excerpt":{"rendered":"<p>PUBLICIDADE Em coletiva \u00e0 imprensa, o empres\u00e1rio Marcos Brasil fez o pr\u00e9-lan\u00e7amento do Residencial Melyna, um condom\u00ednio residencial 100% ecol\u00f3gico a ser constru\u00eddo na Av. Beira Rio, \u00e0s margens do Rio Catol\u00e9, no bairro S\u00e3o Francisco de Assis, em Itapetinga. Na coletiva, Marcos Brasil fez a apresenta\u00e7\u00e3o do arrojado projeto, agradando em cheio a todos [&hellip;]<\/p>\n","protected":false},"author":2,"featured_media":0,"comment_status":"open","ping_status":"open","sticky":false,"template":"","format":"standard","meta":{"footnotes":"","_links_to":"","_links_to_target":""},"categories":[1],"tags":[],"class_list":["post-63202","post","type-post","status-publish","format-standard","hentry","category-geral"],"views":1298,"_links":{"self":[{"href":"https:\/\/www.sudoestehoje.com.br\/novoportal\/wp-json\/wp\/v2\/posts\/63202","targetHints":{"allow":["GET"]}}],"collection":[{"href":"https:\/\/www.sudoestehoje.com.br\/novoportal\/wp-json\/wp\/v2\/posts"}],"about":[{"href":"https:\/\/www.sudoestehoje.com.br\/novoportal\/wp-json\/wp\/v2\/types\/post"}],"author":[{"embeddable":true,"href":"https:\/\/www.sudoestehoje.com.br\/novoportal\/wp-json\/wp\/v2\/users\/2"}],"replies":[{"embeddable":true,"href":"https:\/\/www.sudoestehoje.com.br\/novoportal\/wp-json\/wp\/v2\/comments?post=63202"}],"version-history":[{"count":3,"href":"https:\/\/www.sudoestehoje.com.br\/novoportal\/wp-json\/wp\/v2\/posts\/63202\/revisions"}],"predecessor-version":[{"id":63206,"href":"https:\/\/www.sudoestehoje.com.br\/novoportal\/wp-json\/wp\/v2\/posts\/63202\/revisions\/63206"}],"wp:attachment":[{"href":"https:\/\/www.sudoestehoje.com.br\/novoportal\/wp-json\/wp\/v2\/media?parent=63202"}],"wp:term":[{"taxonomy":"category","embeddable":true,"href":"https:\/\/www.sudoestehoje.com.br\/novoportal\/wp-json\/wp\/v2\/categories?post=63202"},{"taxonomy":"post_tag","embeddable":true,"href":"https:\/\/www.sudoestehoje.com.br\/novoportal\/wp-json\/wp\/v2\/tags?post=63202"}],"curies":[{"name":"wp","href":"https:\/\/api.w.org\/{rel}","templated":true}]}}