
{"id":6320,"date":"2011-07-02T13:24:55","date_gmt":"2011-07-02T16:24:55","guid":{"rendered":"http:\/\/www.sudoestehoje.com.br\/novoportal\/?p=6320"},"modified":"2011-07-02T13:24:55","modified_gmt":"2011-07-02T16:24:55","slug":"vestibular-da-uesb-comeca-neste-domingo","status":"publish","type":"post","link":"https:\/\/www.sudoestehoje.com.br\/novoportal\/2011\/07\/02\/vestibular-da-uesb-comeca-neste-domingo\/","title":{"rendered":"Vestibular da Uesb come\u00e7a neste domingo"},"content":{"rendered":"<p style=\"text-align: center;\"><img decoding=\"async\" src=\"http:\/\/www.vitoriadaconquista.com.br\/wp-content\/uploads\/2010\/12\/vestibular-uesb9-400x266.jpg\" alt=\"\" \/><\/p>\n<p>\u00a0<\/p>\n<p>Come\u00e7a amanh\u00e3 (domingo) e termina na ter\u00e7a-feira (05) o vestibular da Universidade Estadual do Sudoeste da Bahia (Uesb). O processo seletivo, que ir\u00e1 contar com cerca de 10 mil candidatos, promete movimentar os tr\u00eas campi (Vit\u00f3ria da Conquista, Jequi\u00e9 e Itapetinga).<\/p>\n<p>Mas aten\u00e7\u00e3o! Os port\u00f5es nos locais de prova ser\u00e3o abertos \u00e0s 7h30 e fechados \u00e0s 8 horas, hor\u00e1rio de Bras\u00edlia. De acordo com a assessoria de comunica\u00e7\u00e3o da institui\u00e7\u00e3o, qualquer que seja a justificativa para o atraso, n\u00e3o h\u00e1 concess\u00f5es ou exce\u00e7\u00f5es nesse \u00ednterim, e o estudante que chegar atrasado ser\u00e1 impedido de fazer o vestibular.<\/p>\n<p>Para n\u00e3o correr esse risco todo tipo de cuidado \u00e9 v\u00e1lido, at\u00e9 mesmo adiantar o rel\u00f3gio em 10 ou 15 minutos, como costuma fazer quem tem dificuldade para ser pontual.<\/p>\n<p><strong><em>Por Rodrigo Ferraz<\/em><\/strong> (Blog da Resenha Geral)<\/p>\n","protected":false},"excerpt":{"rendered":"<p>\u00a0 Come\u00e7a amanh\u00e3 (domingo) e termina na ter\u00e7a-feira (05) o vestibular da Universidade Estadual do Sudoeste da Bahia (Uesb). O processo seletivo, que ir\u00e1 contar com cerca de 10 mil candidatos, promete movimentar os tr\u00eas campi (Vit\u00f3ria da Conquista, Jequi\u00e9 e Itapetinga). Mas aten\u00e7\u00e3o! Os port\u00f5es nos locais de prova ser\u00e3o abertos \u00e0s 7h30 e [&hellip;]<\/p>\n","protected":false},"author":2,"featured_media":0,"comment_status":"open","ping_status":"open","sticky":false,"template":"","format":"standard","meta":{"footnotes":"","_links_to":"","_links_to_target":""},"categories":[1],"tags":[],"class_list":["post-6320","post","type-post","status-publish","format-standard","hentry","category-geral"],"views":1092,"_links":{"self":[{"href":"https:\/\/www.sudoestehoje.com.br\/novoportal\/wp-json\/wp\/v2\/posts\/6320","targetHints":{"allow":["GET"]}}],"collection":[{"href":"https:\/\/www.sudoestehoje.com.br\/novoportal\/wp-json\/wp\/v2\/posts"}],"about":[{"href":"https:\/\/www.sudoestehoje.com.br\/novoportal\/wp-json\/wp\/v2\/types\/post"}],"author":[{"embeddable":true,"href":"https:\/\/www.sudoestehoje.com.br\/novoportal\/wp-json\/wp\/v2\/users\/2"}],"replies":[{"embeddable":true,"href":"https:\/\/www.sudoestehoje.com.br\/novoportal\/wp-json\/wp\/v2\/comments?post=6320"}],"version-history":[{"count":3,"href":"https:\/\/www.sudoestehoje.com.br\/novoportal\/wp-json\/wp\/v2\/posts\/6320\/revisions"}],"predecessor-version":[{"id":6323,"href":"https:\/\/www.sudoestehoje.com.br\/novoportal\/wp-json\/wp\/v2\/posts\/6320\/revisions\/6323"}],"wp:attachment":[{"href":"https:\/\/www.sudoestehoje.com.br\/novoportal\/wp-json\/wp\/v2\/media?parent=6320"}],"wp:term":[{"taxonomy":"category","embeddable":true,"href":"https:\/\/www.sudoestehoje.com.br\/novoportal\/wp-json\/wp\/v2\/categories?post=6320"},{"taxonomy":"post_tag","embeddable":true,"href":"https:\/\/www.sudoestehoje.com.br\/novoportal\/wp-json\/wp\/v2\/tags?post=6320"}],"curies":[{"name":"wp","href":"https:\/\/api.w.org\/{rel}","templated":true}]}}