
{"id":63194,"date":"2016-12-22T20:19:20","date_gmt":"2016-12-22T23:19:20","guid":{"rendered":"http:\/\/www.sudoestehoje.com.br\/novoportal\/?p=63194"},"modified":"2016-12-22T20:19:20","modified_gmt":"2016-12-22T23:19:20","slug":"governo-libera-saques-de-30-bi-do-fgts-e-reduz-juros-de-cartoes-de-credito-a-metade","status":"publish","type":"post","link":"https:\/\/www.sudoestehoje.com.br\/novoportal\/2016\/12\/22\/governo-libera-saques-de-30-bi-do-fgts-e-reduz-juros-de-cartoes-de-credito-a-metade\/","title":{"rendered":"GOVERNO LIBERA SAQUES DE 30 BI DO FGTS E REDUZ JUROS DE CART\u00d5ES DE CR\u00c9DITO \u00c0 METADE"},"content":{"rendered":"<p><a href=\"http:\/\/www.sudoestehoje.com.br\/novoportal\/wp-content\/uploads\/2016\/12\/FGTS.jpg\"><img loading=\"lazy\" decoding=\"async\" class=\"aligncenter size-medium wp-image-63197\" src=\"http:\/\/www.sudoestehoje.com.br\/novoportal\/wp-content\/uploads\/2016\/12\/FGTS-500x334.jpg\" alt=\"fgts\" width=\"500\" height=\"334\" srcset=\"https:\/\/www.sudoestehoje.com.br\/novoportal\/wp-content\/uploads\/2016\/12\/FGTS-500x334.jpg 500w, https:\/\/www.sudoestehoje.com.br\/novoportal\/wp-content\/uploads\/2016\/12\/FGTS.jpg 640w\" sizes=\"auto, (max-width: 500px) 100vw, 500px\" \/><\/a><\/p>\n<p>Ainda sem dar detalhes sobre quando come\u00e7ar\u00e1 a valer, o presidente Michel Temer anunciou, nesta manh\u00e3 de quinta (22), a redu\u00e7\u00e3o dos juros do rotativo do cart\u00e3o de cr\u00e9dito pela metade. Hoje, a taxa de juros mensal sobre quem paga o valor m\u00ednimo e financia o restante chega a 15%, a depender da bandeira.<\/p>\n<p>Temer se reuniu com jornalistas em Bras\u00edlia, durante caf\u00e9 da manh\u00e3, e tamb\u00e9m anunciou que os trabalhadores poder\u00e3o sacar sacar dinheiro de contas inativas do Fundo de Garantia por Tempo de Servi\u00e7o (FGTS).<\/p>\n<p>O \u201cPacote de Bondades\u201d de final de ano tem a finalidade de reverter os sinais de amplo desgaste na imagem pessoal do presidente em pouco mais de seis meses de poder. O presidente tamb\u00e9m tenta reverter o aprofundamento da crise na economia nacional e disponibilizar mais cr\u00e9dito.<\/p>\n<p>\u201cO momento que n\u00f3s vivemos na economia demanda a ado\u00e7\u00e3o de medidas que permitam ainda de forma parcial uma recomposi\u00e7\u00e3o da renda do trabalhador&#8221; disse Temer a jornalistas.<\/p>\n<p>Somente com saque de FGTS, a expectativa \u00e9 de que a medida ponha, pelo menos, R$ 30 bilh\u00f5es em circula\u00e7\u00e3o. O valor dispon\u00edvel para retirada \u00e9 apenas o saldo at\u00e9 dezembro do ano passado.<\/p>\n<p>Um calend\u00e1rio de libera\u00e7\u00e3o ser\u00e1 divulgado em fevereiro, anunciou o ministro do Trabalho.<\/p>\n","protected":false},"excerpt":{"rendered":"<p>Ainda sem dar detalhes sobre quando come\u00e7ar\u00e1 a valer, o presidente Michel Temer anunciou, nesta manh\u00e3 de quinta (22), a redu\u00e7\u00e3o dos juros do rotativo do cart\u00e3o de cr\u00e9dito pela metade. Hoje, a taxa de juros mensal sobre quem paga o valor m\u00ednimo e financia o restante chega a 15%, a depender da bandeira. Temer [&hellip;]<\/p>\n","protected":false},"author":2,"featured_media":63197,"comment_status":"open","ping_status":"open","sticky":false,"template":"","format":"standard","meta":{"footnotes":"","_links_to":"","_links_to_target":""},"categories":[1],"tags":[],"class_list":["post-63194","post","type-post","status-publish","format-standard","has-post-thumbnail","hentry","category-geral"],"views":1078,"_links":{"self":[{"href":"https:\/\/www.sudoestehoje.com.br\/novoportal\/wp-json\/wp\/v2\/posts\/63194","targetHints":{"allow":["GET"]}}],"collection":[{"href":"https:\/\/www.sudoestehoje.com.br\/novoportal\/wp-json\/wp\/v2\/posts"}],"about":[{"href":"https:\/\/www.sudoestehoje.com.br\/novoportal\/wp-json\/wp\/v2\/types\/post"}],"author":[{"embeddable":true,"href":"https:\/\/www.sudoestehoje.com.br\/novoportal\/wp-json\/wp\/v2\/users\/2"}],"replies":[{"embeddable":true,"href":"https:\/\/www.sudoestehoje.com.br\/novoportal\/wp-json\/wp\/v2\/comments?post=63194"}],"version-history":[{"count":5,"href":"https:\/\/www.sudoestehoje.com.br\/novoportal\/wp-json\/wp\/v2\/posts\/63194\/revisions"}],"predecessor-version":[{"id":63201,"href":"https:\/\/www.sudoestehoje.com.br\/novoportal\/wp-json\/wp\/v2\/posts\/63194\/revisions\/63201"}],"wp:featuredmedia":[{"embeddable":true,"href":"https:\/\/www.sudoestehoje.com.br\/novoportal\/wp-json\/wp\/v2\/media\/63197"}],"wp:attachment":[{"href":"https:\/\/www.sudoestehoje.com.br\/novoportal\/wp-json\/wp\/v2\/media?parent=63194"}],"wp:term":[{"taxonomy":"category","embeddable":true,"href":"https:\/\/www.sudoestehoje.com.br\/novoportal\/wp-json\/wp\/v2\/categories?post=63194"},{"taxonomy":"post_tag","embeddable":true,"href":"https:\/\/www.sudoestehoje.com.br\/novoportal\/wp-json\/wp\/v2\/tags?post=63194"}],"curies":[{"name":"wp","href":"https:\/\/api.w.org\/{rel}","templated":true}]}}