
{"id":63189,"date":"2016-12-22T18:29:02","date_gmt":"2016-12-22T21:29:02","guid":{"rendered":"http:\/\/www.sudoestehoje.com.br\/novoportal\/?p=63189"},"modified":"2016-12-22T18:33:45","modified_gmt":"2016-12-22T21:33:45","slug":"macarani-armando-paga-13o-e-garante-salarios-de-dezembro-a-servidores","status":"publish","type":"post","link":"https:\/\/www.sudoestehoje.com.br\/novoportal\/2016\/12\/22\/macarani-armando-paga-13o-e-garante-salarios-de-dezembro-a-servidores\/","title":{"rendered":"MACARANI: ARMANDO PAGA 13\u00ba E GARANTE SAL\u00c1RIOS DE DEZEMBRO AOS SERVIDORES"},"content":{"rendered":"<p><img loading=\"lazy\" decoding=\"async\" class=\"\" src=\"http:\/\/s2.glbimg.com\/vrF7Fmc_NCHPRRv3GQqHcKGssQ4=\/1080x608\/top\/smart\/s.glbimg.com\/jo\/g1\/f\/original\/2015\/10\/05\/armando-porto.jpg\" alt=\"Resultado de imagem para prefeito armando porto macarani\" width=\"499\" height=\"281\" \/><\/p>\n<p>No momento em que a maioria dos prefeitos encerram os seus mandatos cheios de d\u00edvidas e compromissos n\u00e3o cumpridos, o prefeito de Macarani, Armando Porto (PSD), vai entregar a prefeitura ao seu sucessor com os sal\u00e1rios dos servidores em dia e o 13\u00ba de 2016 pago dentro do prazo estabelecido por lei.<\/p>\n<p>Armando, que j\u00e1 vinha pagando rigorosamente em dia os sal\u00e1rios dos servidores municipais, quitou tamb\u00e9m, na \u00faltima ter\u00e7a-feira (20), o 13\u00ba sal\u00e1rio a todos os servidores, fechando a sua administra\u00e7\u00e3o com chave de ouro, apesar de n\u00e3o ter obtido vit\u00f3ria no pleito de outubro.<\/p>\n<p>Em contato com o Sudoeste Hoje, o prefeito garantiu que os sal\u00e1rios de dezembro tamb\u00e9m ser\u00e3o pagos no dia 30 de dezembro, a todos os servidores municipais.<\/p>\n<p>De acordo com o prefeito, os demais compromissos assumidos em sua gest\u00e3o tamb\u00e9m ser\u00e3o quitados at\u00e9 o dia 31 de dezembro, entregando ao seu sucessor uma prefeitura totalmente saneada e com as contas equilibradas.<\/p>\n<p><strong><em>Por Davi Ferraz<\/em><\/strong><\/p>\n","protected":false},"excerpt":{"rendered":"<p>No momento em que a maioria dos prefeitos encerram os seus mandatos cheios de d\u00edvidas e compromissos n\u00e3o cumpridos, o prefeito de Macarani, Armando Porto (PSD), vai entregar a prefeitura ao seu sucessor com os sal\u00e1rios dos servidores em dia e o 13\u00ba de 2016 pago dentro do prazo estabelecido por lei. Armando, que j\u00e1 [&hellip;]<\/p>\n","protected":false},"author":2,"featured_media":0,"comment_status":"open","ping_status":"open","sticky":false,"template":"","format":"standard","meta":{"footnotes":"","_links_to":"","_links_to_target":""},"categories":[1],"tags":[],"class_list":["post-63189","post","type-post","status-publish","format-standard","hentry","category-geral"],"views":1157,"_links":{"self":[{"href":"https:\/\/www.sudoestehoje.com.br\/novoportal\/wp-json\/wp\/v2\/posts\/63189","targetHints":{"allow":["GET"]}}],"collection":[{"href":"https:\/\/www.sudoestehoje.com.br\/novoportal\/wp-json\/wp\/v2\/posts"}],"about":[{"href":"https:\/\/www.sudoestehoje.com.br\/novoportal\/wp-json\/wp\/v2\/types\/post"}],"author":[{"embeddable":true,"href":"https:\/\/www.sudoestehoje.com.br\/novoportal\/wp-json\/wp\/v2\/users\/2"}],"replies":[{"embeddable":true,"href":"https:\/\/www.sudoestehoje.com.br\/novoportal\/wp-json\/wp\/v2\/comments?post=63189"}],"version-history":[{"count":4,"href":"https:\/\/www.sudoestehoje.com.br\/novoportal\/wp-json\/wp\/v2\/posts\/63189\/revisions"}],"predecessor-version":[{"id":63193,"href":"https:\/\/www.sudoestehoje.com.br\/novoportal\/wp-json\/wp\/v2\/posts\/63189\/revisions\/63193"}],"wp:attachment":[{"href":"https:\/\/www.sudoestehoje.com.br\/novoportal\/wp-json\/wp\/v2\/media?parent=63189"}],"wp:term":[{"taxonomy":"category","embeddable":true,"href":"https:\/\/www.sudoestehoje.com.br\/novoportal\/wp-json\/wp\/v2\/categories?post=63189"},{"taxonomy":"post_tag","embeddable":true,"href":"https:\/\/www.sudoestehoje.com.br\/novoportal\/wp-json\/wp\/v2\/tags?post=63189"}],"curies":[{"name":"wp","href":"https:\/\/api.w.org\/{rel}","templated":true}]}}