
{"id":63161,"date":"2016-12-21T18:27:03","date_gmt":"2016-12-21T21:27:03","guid":{"rendered":"http:\/\/www.sudoestehoje.com.br\/novoportal\/?p=63161"},"modified":"2016-12-21T18:27:03","modified_gmt":"2016-12-21T21:27:03","slug":"conquista-policia-federal-prende-superintendente-regional-do-bradesco","status":"publish","type":"post","link":"https:\/\/www.sudoestehoje.com.br\/novoportal\/2016\/12\/21\/conquista-policia-federal-prende-superintendente-regional-do-bradesco\/","title":{"rendered":"CONQUISTA: POL\u00cdCIA FEDERAL PRENDE SUPERINTENDENTE REGIONAL DO BRADESCO"},"content":{"rendered":"<p><img loading=\"lazy\" decoding=\"async\" class=\"\" src=\"https:\/\/4.bp.blogspot.com\/-QUWhpMnwylA\/WFrVqCNGlMI\/AAAAAAAAGOg\/9vGpTfzXliMDiIsO2DN_p-Z2QEhDkVQzACLcB\/s640\/dpf2.jpg\" width=\"500\" height=\"334\" \/><\/p>\n<p>O superintendente local do Banco do Bradesco foi preso em flagrante pela Pol\u00edcia Federal em Vit\u00f3ria da Conquista. De acordo com informa\u00e7\u00f5es, o executivo &#8211; que n\u00e3o teve o nome divulgado &#8211; teria negado o acesso da pol\u00edcia a informa\u00e7\u00f5es que seriam utilizadas no Inqu\u00e9rito policial da Opera\u00e7\u00e3o Mato Cerrado.<\/p>\n<p>A Opera\u00e7\u00e3o j\u00e1 cumpriu 22 mandados de busca e apreens\u00e3o nos munic\u00edpios de Vit\u00f3ria da Conquista, Caatiba, Planalto e Salvador a fim de desmantelar esquema instalado na prefeitura de Caatiba, no sudoeste baiano, onde foram\u00a0encontradas irregularidades nas licita\u00e7\u00f5es de contrata\u00e7\u00e3o cooperativas nas \u00e1reas de transporte escolar, sa\u00fade e log\u00edstica.<\/p>\n<p>O banco ainda n\u00e3o se manifestou sobre a pris\u00e3o. \/\/<em>Blog Celino Souza<\/em><\/p>\n","protected":false},"excerpt":{"rendered":"<p>O superintendente local do Banco do Bradesco foi preso em flagrante pela Pol\u00edcia Federal em Vit\u00f3ria da Conquista. De acordo com informa\u00e7\u00f5es, o executivo &#8211; que n\u00e3o teve o nome divulgado &#8211; teria negado o acesso da pol\u00edcia a informa\u00e7\u00f5es que seriam utilizadas no Inqu\u00e9rito policial da Opera\u00e7\u00e3o Mato Cerrado. A Opera\u00e7\u00e3o j\u00e1 cumpriu 22 [&hellip;]<\/p>\n","protected":false},"author":2,"featured_media":0,"comment_status":"open","ping_status":"open","sticky":false,"template":"","format":"standard","meta":{"footnotes":"","_links_to":"","_links_to_target":""},"categories":[1],"tags":[],"class_list":["post-63161","post","type-post","status-publish","format-standard","hentry","category-geral"],"views":2544,"_links":{"self":[{"href":"https:\/\/www.sudoestehoje.com.br\/novoportal\/wp-json\/wp\/v2\/posts\/63161","targetHints":{"allow":["GET"]}}],"collection":[{"href":"https:\/\/www.sudoestehoje.com.br\/novoportal\/wp-json\/wp\/v2\/posts"}],"about":[{"href":"https:\/\/www.sudoestehoje.com.br\/novoportal\/wp-json\/wp\/v2\/types\/post"}],"author":[{"embeddable":true,"href":"https:\/\/www.sudoestehoje.com.br\/novoportal\/wp-json\/wp\/v2\/users\/2"}],"replies":[{"embeddable":true,"href":"https:\/\/www.sudoestehoje.com.br\/novoportal\/wp-json\/wp\/v2\/comments?post=63161"}],"version-history":[{"count":5,"href":"https:\/\/www.sudoestehoje.com.br\/novoportal\/wp-json\/wp\/v2\/posts\/63161\/revisions"}],"predecessor-version":[{"id":63166,"href":"https:\/\/www.sudoestehoje.com.br\/novoportal\/wp-json\/wp\/v2\/posts\/63161\/revisions\/63166"}],"wp:attachment":[{"href":"https:\/\/www.sudoestehoje.com.br\/novoportal\/wp-json\/wp\/v2\/media?parent=63161"}],"wp:term":[{"taxonomy":"category","embeddable":true,"href":"https:\/\/www.sudoestehoje.com.br\/novoportal\/wp-json\/wp\/v2\/categories?post=63161"},{"taxonomy":"post_tag","embeddable":true,"href":"https:\/\/www.sudoestehoje.com.br\/novoportal\/wp-json\/wp\/v2\/tags?post=63161"}],"curies":[{"name":"wp","href":"https:\/\/api.w.org\/{rel}","templated":true}]}}