
{"id":63146,"date":"2016-12-20T20:11:54","date_gmt":"2016-12-20T23:11:54","guid":{"rendered":"http:\/\/www.sudoestehoje.com.br\/novoportal\/?p=63146"},"modified":"2016-12-20T20:11:54","modified_gmt":"2016-12-20T23:11:54","slug":"bahia-governador-rui-costa-sugere-apoio-a-legalizacao-da-maconha","status":"publish","type":"post","link":"https:\/\/www.sudoestehoje.com.br\/novoportal\/2016\/12\/20\/bahia-governador-rui-costa-sugere-apoio-a-legalizacao-da-maconha\/","title":{"rendered":"BAHIA: GOVERNADOR RUI COSTA SUGERE APOIO \u00c0 LEGALIZA\u00c7\u00c3O DA MACONHA"},"content":{"rendered":"<p><img loading=\"lazy\" decoding=\"async\" class=\"\" src=\"http:\/\/www.portaljnp.com.br\/imgs\/uploads\/images\/64646.jpeg\" alt=\"Resultado de imagem para RUI COSTA MACONHA\" width=\"501\" height=\"376\" \/><\/p>\n<p>O governador Rui Costa sugeriu em entrevista coletiva concedida nesta ter\u00e7a-feira (20) apoio \u00e0 legaliza\u00e7\u00e3o da maconha. Na avalia\u00e7\u00e3o do gestor, a droga n\u00e3o causa forte impacto na viol\u00eancia nem na sa\u00fade.<\/p>\n<p>&#8220;Se fosse uma droga leve, como a maconha, eu poderia estar aberto a defender a legaliza\u00e7\u00e3o, comercializa\u00e7\u00e3o em estabelecimentos cadastrados, porque \u00e9 n\u00edtido que a maconha n\u00e3o tem esse impacto do ponto de vista da viol\u00eancia e nem do ponto de vista da sa\u00fade&#8221;, declarou Rui.<\/p>\n<p>O governador ainda comparou a maconha com outras drogas. &#8220;O maior problema nosso \u00e9 a coca\u00edna, o crack, que s\u00e3o drogas pesadas que debilitam e agridem fortemente a sa\u00fade&#8221;, analisou.<\/p>\n<p>Ao comentar sobre a legaliza\u00e7\u00e3o das drogas, ele falou sobre o impacto que um direito individual pode ser sobre o coletivo. &#8220;Todas as pessoas t\u00eam o direito coletivo \u00e0 paz, a circular pelas ruas sem serem agredidas, sem serem abordadas. Eventualmente voc\u00ea pode defender o direito de qualquer cidad\u00e3o consumir o que ele quiser. O problema \u00e9 quando um direito se incompatibiliza com outro&#8221;, avaliou Rui.<\/p>\n","protected":false},"excerpt":{"rendered":"<p>O governador Rui Costa sugeriu em entrevista coletiva concedida nesta ter\u00e7a-feira (20) apoio \u00e0 legaliza\u00e7\u00e3o da maconha. Na avalia\u00e7\u00e3o do gestor, a droga n\u00e3o causa forte impacto na viol\u00eancia nem na sa\u00fade. &#8220;Se fosse uma droga leve, como a maconha, eu poderia estar aberto a defender a legaliza\u00e7\u00e3o, comercializa\u00e7\u00e3o em estabelecimentos cadastrados, porque \u00e9 n\u00edtido [&hellip;]<\/p>\n","protected":false},"author":2,"featured_media":0,"comment_status":"open","ping_status":"open","sticky":false,"template":"","format":"standard","meta":{"footnotes":"","_links_to":"","_links_to_target":""},"categories":[1],"tags":[],"class_list":["post-63146","post","type-post","status-publish","format-standard","hentry","category-geral"],"views":1715,"_links":{"self":[{"href":"https:\/\/www.sudoestehoje.com.br\/novoportal\/wp-json\/wp\/v2\/posts\/63146","targetHints":{"allow":["GET"]}}],"collection":[{"href":"https:\/\/www.sudoestehoje.com.br\/novoportal\/wp-json\/wp\/v2\/posts"}],"about":[{"href":"https:\/\/www.sudoestehoje.com.br\/novoportal\/wp-json\/wp\/v2\/types\/post"}],"author":[{"embeddable":true,"href":"https:\/\/www.sudoestehoje.com.br\/novoportal\/wp-json\/wp\/v2\/users\/2"}],"replies":[{"embeddable":true,"href":"https:\/\/www.sudoestehoje.com.br\/novoportal\/wp-json\/wp\/v2\/comments?post=63146"}],"version-history":[{"count":1,"href":"https:\/\/www.sudoestehoje.com.br\/novoportal\/wp-json\/wp\/v2\/posts\/63146\/revisions"}],"predecessor-version":[{"id":63147,"href":"https:\/\/www.sudoestehoje.com.br\/novoportal\/wp-json\/wp\/v2\/posts\/63146\/revisions\/63147"}],"wp:attachment":[{"href":"https:\/\/www.sudoestehoje.com.br\/novoportal\/wp-json\/wp\/v2\/media?parent=63146"}],"wp:term":[{"taxonomy":"category","embeddable":true,"href":"https:\/\/www.sudoestehoje.com.br\/novoportal\/wp-json\/wp\/v2\/categories?post=63146"},{"taxonomy":"post_tag","embeddable":true,"href":"https:\/\/www.sudoestehoje.com.br\/novoportal\/wp-json\/wp\/v2\/tags?post=63146"}],"curies":[{"name":"wp","href":"https:\/\/api.w.org\/{rel}","templated":true}]}}