
{"id":63142,"date":"2016-12-20T19:37:02","date_gmt":"2016-12-20T22:37:02","guid":{"rendered":"http:\/\/www.sudoestehoje.com.br\/novoportal\/?p=63142"},"modified":"2016-12-20T19:37:02","modified_gmt":"2016-12-20T22:37:02","slug":"regiao-uesb-convoca-retorno-as-aulas-a-partir-de-1o-de-fevereiro","status":"publish","type":"post","link":"https:\/\/www.sudoestehoje.com.br\/novoportal\/2016\/12\/20\/regiao-uesb-convoca-retorno-as-aulas-a-partir-de-1o-de-fevereiro\/","title":{"rendered":"REGI\u00c3O: UESB CONVOCA RETORNO \u00c0S AULAS A PARTIR DE 1\u00ba DE FEVEREIRO"},"content":{"rendered":"<p><a href=\"http:\/\/www.sudoestehoje.com.br\/novoportal\/wp-content\/uploads\/2016\/12\/uesb.jpg\"><img loading=\"lazy\" decoding=\"async\" class=\"aligncenter size-medium wp-image-63143\" src=\"http:\/\/www.sudoestehoje.com.br\/novoportal\/wp-content\/uploads\/2016\/12\/uesb-500x291.jpg\" alt=\"uesb\" width=\"500\" height=\"291\" srcset=\"https:\/\/www.sudoestehoje.com.br\/novoportal\/wp-content\/uploads\/2016\/12\/uesb-500x291.jpg 500w, https:\/\/www.sudoestehoje.com.br\/novoportal\/wp-content\/uploads\/2016\/12\/uesb.jpg 640w\" sizes=\"auto, (max-width: 500px) 100vw, 500px\" \/><\/a><\/p>\n<p>O Conselho Superior de Ensino, Pesquisa e Extens\u00e3o (Consepe) da Universidade Estadual do Sudoeste da Bahia (Uesb), divulgou um Of\u00edcio Circular convocando estudantes e professores para o retorno das aulas no dia 1\u00ba de fevereiro de 2017, ap\u00f3s o t\u00e9rmino das f\u00e9rias coletivas da categoria docente.<\/p>\n<p>Depois de solicita\u00e7\u00f5es feitas pelos colegiados e departamentos da Universidade, a reuni\u00e3o do Consepe foi adiada para o dia 8 de fevereiro, a fim de redefinir o calend\u00e1rio acad\u00eamico.<\/p>\n<p>O movimento estudantil, que ainda ocupa o campus de Vit\u00f3ria da Conquista, n\u00e3o discutiu o sobre o assunto. Os campi de Jequi\u00e9 e Itapetinga foram desocupados pelos estudantes na \u00faltima semana e as atividades administrativas foram retomadas. A perspectiva do Conselho \u00e9 de que as atividades tamb\u00e9m sejam retomadas no campus de Vit\u00f3ria da Conquista at\u00e9 a data de convoca\u00e7\u00e3o para a volta \u00e0s aulas.<\/p>\n","protected":false},"excerpt":{"rendered":"<p>O Conselho Superior de Ensino, Pesquisa e Extens\u00e3o (Consepe) da Universidade Estadual do Sudoeste da Bahia (Uesb), divulgou um Of\u00edcio Circular convocando estudantes e professores para o retorno das aulas no dia 1\u00ba de fevereiro de 2017, ap\u00f3s o t\u00e9rmino das f\u00e9rias coletivas da categoria docente. Depois de solicita\u00e7\u00f5es feitas pelos colegiados e departamentos da [&hellip;]<\/p>\n","protected":false},"author":2,"featured_media":0,"comment_status":"open","ping_status":"open","sticky":false,"template":"","format":"standard","meta":{"footnotes":"","_links_to":"","_links_to_target":""},"categories":[1],"tags":[],"class_list":["post-63142","post","type-post","status-publish","format-standard","hentry","category-geral"],"views":1882,"_links":{"self":[{"href":"https:\/\/www.sudoestehoje.com.br\/novoportal\/wp-json\/wp\/v2\/posts\/63142","targetHints":{"allow":["GET"]}}],"collection":[{"href":"https:\/\/www.sudoestehoje.com.br\/novoportal\/wp-json\/wp\/v2\/posts"}],"about":[{"href":"https:\/\/www.sudoestehoje.com.br\/novoportal\/wp-json\/wp\/v2\/types\/post"}],"author":[{"embeddable":true,"href":"https:\/\/www.sudoestehoje.com.br\/novoportal\/wp-json\/wp\/v2\/users\/2"}],"replies":[{"embeddable":true,"href":"https:\/\/www.sudoestehoje.com.br\/novoportal\/wp-json\/wp\/v2\/comments?post=63142"}],"version-history":[{"count":2,"href":"https:\/\/www.sudoestehoje.com.br\/novoportal\/wp-json\/wp\/v2\/posts\/63142\/revisions"}],"predecessor-version":[{"id":63145,"href":"https:\/\/www.sudoestehoje.com.br\/novoportal\/wp-json\/wp\/v2\/posts\/63142\/revisions\/63145"}],"wp:attachment":[{"href":"https:\/\/www.sudoestehoje.com.br\/novoportal\/wp-json\/wp\/v2\/media?parent=63142"}],"wp:term":[{"taxonomy":"category","embeddable":true,"href":"https:\/\/www.sudoestehoje.com.br\/novoportal\/wp-json\/wp\/v2\/categories?post=63142"},{"taxonomy":"post_tag","embeddable":true,"href":"https:\/\/www.sudoestehoje.com.br\/novoportal\/wp-json\/wp\/v2\/tags?post=63142"}],"curies":[{"name":"wp","href":"https:\/\/api.w.org\/{rel}","templated":true}]}}