
{"id":6314,"date":"2011-07-02T13:02:03","date_gmt":"2011-07-02T16:02:03","guid":{"rendered":"http:\/\/www.sudoestehoje.com.br\/novoportal\/?p=6314"},"modified":"2011-07-02T13:05:55","modified_gmt":"2011-07-02T16:05:55","slug":"itapetinga-vendas-no-comercio-despencam-apos-demissoes-na-azaleia","status":"publish","type":"post","link":"https:\/\/www.sudoestehoje.com.br\/novoportal\/2011\/07\/02\/itapetinga-vendas-no-comercio-despencam-apos-demissoes-na-azaleia\/","title":{"rendered":"Itapetinga: Vendas no com\u00e9rcio despencam ap\u00f3s demiss\u00f5es na Azal\u00e9ia"},"content":{"rendered":"<p style=\"text-align: center;\"><img loading=\"lazy\" decoding=\"async\" class=\"aligncenter\" title=\"100_5420\" src=\"http:\/\/www.sudoestehoje.com.br\/novoportal\/wp-content\/uploads\/2011\/06\/100_5420-500x375.jpg\" alt=\"\" width=\"500\" height=\"375\" \/><\/p>\n<p style=\"text-align: center;\"><em><strong>Prefeito Z\u00e9 Carlos n\u00e3o admitia crise, mas a ficha acabou caindo<\/strong><\/em><\/p>\n<p>\u00a0<\/p>\n<p>Desde que a Vulcabr\u00e1s\/Azaleia demitiu pelo menos 1,8 mil pessoas na cidade de Itapetinga, a 580 quil\u00f4metros de Salvador, as vendas no com\u00e9rcio local despencaram. <em>\u201cDe abril para c\u00e1 vendemos cerca de 20% a menos no credi\u00e1rio, e a inadimpl\u00eancia aumentou em pelo menos 8%\u201d,<\/em> informa o presidente da CDL de Itapetinga, Oniel Brand\u00e3o.<\/p>\n<p>Para o prefeito da cidade, Jos\u00e9 Carlos Moura (PT), uma crise social sem precedentes pode acontecer caso a Azaleia feche as portas de suas unidades industriais naquela regi\u00e3o e diz que h\u00e1 um clima de inseguran\u00e7a para investimentos. <em>\u201cOs empres\u00e1rios estavam acreditando na cidade e de repente receberam uma ducha de \u00e1gua fria\u201d,<\/em>diz ele.<\/p>\n<p>Em nota, o presidente da Vulcabras\/Azaleia disse que a empresa n\u00e3o tem inten\u00e7\u00e3o de deixar a Bahia e que est\u00e1 fazendo todos os esfor\u00e7os para n\u00e3o demitir, embora os estoques da produ\u00e7\u00e3o estejam altos nos armaz\u00e9ns da empresa.<\/p>\n<p><em>Informa\u00e7\u00f5es do <strong>Correio.<\/strong><\/em><\/p>\n","protected":false},"excerpt":{"rendered":"<p>Prefeito Z\u00e9 Carlos n\u00e3o admitia crise, mas a ficha acabou caindo \u00a0 Desde que a Vulcabr\u00e1s\/Azaleia demitiu pelo menos 1,8 mil pessoas na cidade de Itapetinga, a 580 quil\u00f4metros de Salvador, as vendas no com\u00e9rcio local despencaram. \u201cDe abril para c\u00e1 vendemos cerca de 20% a menos no credi\u00e1rio, e a inadimpl\u00eancia aumentou em pelo [&hellip;]<\/p>\n","protected":false},"author":2,"featured_media":0,"comment_status":"open","ping_status":"open","sticky":false,"template":"","format":"standard","meta":{"footnotes":"","_links_to":"","_links_to_target":""},"categories":[1],"tags":[],"class_list":["post-6314","post","type-post","status-publish","format-standard","hentry","category-geral"],"views":1167,"_links":{"self":[{"href":"https:\/\/www.sudoestehoje.com.br\/novoportal\/wp-json\/wp\/v2\/posts\/6314","targetHints":{"allow":["GET"]}}],"collection":[{"href":"https:\/\/www.sudoestehoje.com.br\/novoportal\/wp-json\/wp\/v2\/posts"}],"about":[{"href":"https:\/\/www.sudoestehoje.com.br\/novoportal\/wp-json\/wp\/v2\/types\/post"}],"author":[{"embeddable":true,"href":"https:\/\/www.sudoestehoje.com.br\/novoportal\/wp-json\/wp\/v2\/users\/2"}],"replies":[{"embeddable":true,"href":"https:\/\/www.sudoestehoje.com.br\/novoportal\/wp-json\/wp\/v2\/comments?post=6314"}],"version-history":[{"count":5,"href":"https:\/\/www.sudoestehoje.com.br\/novoportal\/wp-json\/wp\/v2\/posts\/6314\/revisions"}],"predecessor-version":[{"id":6318,"href":"https:\/\/www.sudoestehoje.com.br\/novoportal\/wp-json\/wp\/v2\/posts\/6314\/revisions\/6318"}],"wp:attachment":[{"href":"https:\/\/www.sudoestehoje.com.br\/novoportal\/wp-json\/wp\/v2\/media?parent=6314"}],"wp:term":[{"taxonomy":"category","embeddable":true,"href":"https:\/\/www.sudoestehoje.com.br\/novoportal\/wp-json\/wp\/v2\/categories?post=6314"},{"taxonomy":"post_tag","embeddable":true,"href":"https:\/\/www.sudoestehoje.com.br\/novoportal\/wp-json\/wp\/v2\/tags?post=6314"}],"curies":[{"name":"wp","href":"https:\/\/api.w.org\/{rel}","templated":true}]}}