
{"id":63137,"date":"2016-12-19T20:47:27","date_gmt":"2016-12-19T23:47:27","guid":{"rendered":"http:\/\/www.sudoestehoje.com.br\/novoportal\/?p=63137"},"modified":"2016-12-19T20:47:27","modified_gmt":"2016-12-19T23:47:27","slug":"macarani-prefeito-eleito-dr-miller-anuncia-seu-1o-escalao-de-governo","status":"publish","type":"post","link":"https:\/\/www.sudoestehoje.com.br\/novoportal\/2016\/12\/19\/macarani-prefeito-eleito-dr-miller-anuncia-seu-1o-escalao-de-governo\/","title":{"rendered":"MACARANI: PREFEITO ELEITO DR. MILLER ANUNCIA SEU 1\u00ba ESCAL\u00c3O DE GOVERNO"},"content":{"rendered":"<p><img loading=\"lazy\" decoding=\"async\" class=\"\" src=\"https:\/\/scontent-grt2-1.xx.fbcdn.net\/v\/t1.0-9\/15590385_1218594608231938_3362217609377176813_n.jpg?oh=65e750bce9b22fd1d458de3f2422adde&amp;oe=58F65836\" alt=\"A imagem pode conter: 7 pessoas, pessoas sorrindo, pessoas em p\u00e9\" width=\"500\" height=\"236\" \/><\/p>\n<p>Na \u00faltima quinta-feira (16) o prefeito eleito de Macarani, Dr. Miller Ferraz, anunciou o seu primeiro escal\u00e3o de governo, escolhido a dedo atrav\u00e9s de crit\u00e9rios t\u00e9cnicos e pol\u00edticos.<\/p>\n<p>Segundo Miller, o que prevaleceu foi o esp\u00edrito de renova\u00e7\u00e3o t\u00e3o almejado pela popula\u00e7\u00e3o do munic\u00edpio, levando-o a escolher pessoas jovens e capacitadas, para realizarem uma verdadeira transforma\u00e7\u00e3o na administra\u00e7\u00e3o do munic\u00edpio.<\/p>\n<p>Confira o secretariado:<\/p>\n<ul>\n<li>A\u00e7\u00e3o social \u2013 Emanuele Ferraz<\/li>\n<li>Planejamento \u2013 Idal\u00e9cio Lima<\/li>\n<li>Sa\u00fade \u2013 Tiago Santana<\/li>\n<li>Educa\u00e7\u00e3o \u2013 Professora Fabiane Sousa<\/li>\n<li>Finan\u00e7as \u2013 Patrick Miranda<\/li>\n<li>Administra\u00e7\u00e3o \u2013 Euclides Fernandes Filho \u2013 Kidinho<\/li>\n<li>Comunica\u00e7\u00e3o \u2013 Berg Nascimento<\/li>\n<li>Cultura \u2013 Alexander Filadelfo \u2013 Xandy<\/li>\n<li>Setor de Compras \u2013 Iranilson Antunes<\/li>\n<\/ul>\n<p><em>&#8220;Os nomes para compor as secretarias de\u00a0Esporte, Agricultura, Meio Ambiente e Transportes ser\u00e3o escolhidos at\u00e9 fevereiro de 2017, dentro do mesmo esp\u00edrito de renova\u00e7\u00e3o&#8221;<\/em>, anunciou o jovem prefeito Miller Ferraz.<\/p>\n<p><strong><em>Por Davi Ferraz<\/em><\/strong> \/\/Foto\u00a0<em>O Respons\u00e1vel<\/em><\/p>\n","protected":false},"excerpt":{"rendered":"<p>Na \u00faltima quinta-feira (16) o prefeito eleito de Macarani, Dr. Miller Ferraz, anunciou o seu primeiro escal\u00e3o de governo, escolhido a dedo atrav\u00e9s de crit\u00e9rios t\u00e9cnicos e pol\u00edticos. Segundo Miller, o que prevaleceu foi o esp\u00edrito de renova\u00e7\u00e3o t\u00e3o almejado pela popula\u00e7\u00e3o do munic\u00edpio, levando-o a escolher pessoas jovens e capacitadas, para realizarem uma verdadeira [&hellip;]<\/p>\n","protected":false},"author":2,"featured_media":0,"comment_status":"open","ping_status":"open","sticky":false,"template":"","format":"standard","meta":{"footnotes":"","_links_to":"","_links_to_target":""},"categories":[1],"tags":[],"class_list":["post-63137","post","type-post","status-publish","format-standard","hentry","category-geral"],"views":1568,"_links":{"self":[{"href":"https:\/\/www.sudoestehoje.com.br\/novoportal\/wp-json\/wp\/v2\/posts\/63137","targetHints":{"allow":["GET"]}}],"collection":[{"href":"https:\/\/www.sudoestehoje.com.br\/novoportal\/wp-json\/wp\/v2\/posts"}],"about":[{"href":"https:\/\/www.sudoestehoje.com.br\/novoportal\/wp-json\/wp\/v2\/types\/post"}],"author":[{"embeddable":true,"href":"https:\/\/www.sudoestehoje.com.br\/novoportal\/wp-json\/wp\/v2\/users\/2"}],"replies":[{"embeddable":true,"href":"https:\/\/www.sudoestehoje.com.br\/novoportal\/wp-json\/wp\/v2\/comments?post=63137"}],"version-history":[{"count":3,"href":"https:\/\/www.sudoestehoje.com.br\/novoportal\/wp-json\/wp\/v2\/posts\/63137\/revisions"}],"predecessor-version":[{"id":63141,"href":"https:\/\/www.sudoestehoje.com.br\/novoportal\/wp-json\/wp\/v2\/posts\/63137\/revisions\/63141"}],"wp:attachment":[{"href":"https:\/\/www.sudoestehoje.com.br\/novoportal\/wp-json\/wp\/v2\/media?parent=63137"}],"wp:term":[{"taxonomy":"category","embeddable":true,"href":"https:\/\/www.sudoestehoje.com.br\/novoportal\/wp-json\/wp\/v2\/categories?post=63137"},{"taxonomy":"post_tag","embeddable":true,"href":"https:\/\/www.sudoestehoje.com.br\/novoportal\/wp-json\/wp\/v2\/tags?post=63137"}],"curies":[{"name":"wp","href":"https:\/\/api.w.org\/{rel}","templated":true}]}}