
{"id":63127,"date":"2016-12-19T17:54:56","date_gmt":"2016-12-19T20:54:56","guid":{"rendered":"http:\/\/www.sudoestehoje.com.br\/novoportal\/?p=63127"},"modified":"2016-12-19T18:02:42","modified_gmt":"2016-12-19T21:02:42","slug":"conquista-herzem-gusmao-divulga-nomes-que-formarao-secretariado","status":"publish","type":"post","link":"https:\/\/www.sudoestehoje.com.br\/novoportal\/2016\/12\/19\/conquista-herzem-gusmao-divulga-nomes-que-formarao-secretariado\/","title":{"rendered":"CONQUISTA: HERZEM GUSM\u00c3O DIVULGA OS 12 NOMES QUE FORMAR\u00c3O SEU SECRETARIADO"},"content":{"rendered":"<p><strong><em>Resenha Geral<\/em><\/strong><\/p>\n<p><img loading=\"lazy\" decoding=\"async\" class=\"\" src=\"http:\/\/static.blogdaresenhageral.com.br\/wp-content\/uploads\/2016\/12\/secret%C3%A1rios.jpeg?x43390\" width=\"500\" height=\"375\" \/><\/p>\n<p>Em uma coletiva realizada na manh\u00e3 desta segunda-feira (19), no Livramento Palace Hotel, H\u00e9rzem Gusm\u00e3o, prefeito eleito e j\u00e1 diplomado de Vit\u00f3ria da Conquista, anunciou os nomes dos 12 secret\u00e1rios que far\u00e3o parte da sua nova gest\u00e3o na Prefeitura, que ter\u00e1 in\u00edcio a partir do dia 1\u00ba de janeiro de 2017.<\/p>\n<p>Confira a lista dos nomeados para as secretarias:<\/p>\n<ul>\n<li>Secretaria de Administra\u00e7\u00e3o \u2013 Paulo Williams<\/li>\n<li>Secretaria da Fazenda \u2013 Marivone Ribeiro Vieira Batista<\/li>\n<li>Secretaria de Servi\u00e7os P\u00fablicos e Transporte \u2013 Coronel Esmeraldino Correia<\/li>\n<li>Secretaria de Infraestrutura e Mobilidade Urbana \u2013 Jos\u00e9 Ant\u00f4nio de Jesus Vieira<\/li>\n<li>Secretaria de Ind\u00fastria, Com\u00e9rcio e Planejamento \u2013 Cl\u00e1udio Cardoso<\/li>\n<li>Secretaria de Sa\u00fade \u2013 Ceres Neide Almeida Costa<\/li>\n<li>Secretaria de Gabinete Civil \u2013 Marcos Ant\u00f4nio de Miranda Ferreira<\/li>\n<li>Secretaria de Educa\u00e7\u00e3o \u2013 Marcelo de Melo Silva<\/li>\n<li>Secretaria de Agricultura e Desenvolvimento Rural \u2013 Arlindo Rebou\u00e7as<\/li>\n<li>Secretaria de Cultura e Turismo \u2013 Teresa Cristina Negreiros Teixeira da Rocha<\/li>\n<li>Secretaria de Desenvolvimento Social \u2013 Irma Lemos<\/li>\n<li>Procuradoria \u2013 Murilo M\u00e1rmore<\/li>\n<\/ul>\n","protected":false},"excerpt":{"rendered":"<p>Resenha Geral Em uma coletiva realizada na manh\u00e3 desta segunda-feira (19), no Livramento Palace Hotel, H\u00e9rzem Gusm\u00e3o, prefeito eleito e j\u00e1 diplomado de Vit\u00f3ria da Conquista, anunciou os nomes dos 12 secret\u00e1rios que far\u00e3o parte da sua nova gest\u00e3o na Prefeitura, que ter\u00e1 in\u00edcio a partir do dia 1\u00ba de janeiro de 2017. Confira a [&hellip;]<\/p>\n","protected":false},"author":2,"featured_media":0,"comment_status":"open","ping_status":"open","sticky":false,"template":"","format":"standard","meta":{"footnotes":"","_links_to":"","_links_to_target":""},"categories":[1],"tags":[],"class_list":["post-63127","post","type-post","status-publish","format-standard","hentry","category-geral"],"views":1286,"_links":{"self":[{"href":"https:\/\/www.sudoestehoje.com.br\/novoportal\/wp-json\/wp\/v2\/posts\/63127","targetHints":{"allow":["GET"]}}],"collection":[{"href":"https:\/\/www.sudoestehoje.com.br\/novoportal\/wp-json\/wp\/v2\/posts"}],"about":[{"href":"https:\/\/www.sudoestehoje.com.br\/novoportal\/wp-json\/wp\/v2\/types\/post"}],"author":[{"embeddable":true,"href":"https:\/\/www.sudoestehoje.com.br\/novoportal\/wp-json\/wp\/v2\/users\/2"}],"replies":[{"embeddable":true,"href":"https:\/\/www.sudoestehoje.com.br\/novoportal\/wp-json\/wp\/v2\/comments?post=63127"}],"version-history":[{"count":4,"href":"https:\/\/www.sudoestehoje.com.br\/novoportal\/wp-json\/wp\/v2\/posts\/63127\/revisions"}],"predecessor-version":[{"id":63132,"href":"https:\/\/www.sudoestehoje.com.br\/novoportal\/wp-json\/wp\/v2\/posts\/63127\/revisions\/63132"}],"wp:attachment":[{"href":"https:\/\/www.sudoestehoje.com.br\/novoportal\/wp-json\/wp\/v2\/media?parent=63127"}],"wp:term":[{"taxonomy":"category","embeddable":true,"href":"https:\/\/www.sudoestehoje.com.br\/novoportal\/wp-json\/wp\/v2\/categories?post=63127"},{"taxonomy":"post_tag","embeddable":true,"href":"https:\/\/www.sudoestehoje.com.br\/novoportal\/wp-json\/wp\/v2\/tags?post=63127"}],"curies":[{"name":"wp","href":"https:\/\/api.w.org\/{rel}","templated":true}]}}