
{"id":63100,"date":"2016-12-18T12:44:20","date_gmt":"2016-12-18T15:44:20","guid":{"rendered":"http:\/\/www.sudoestehoje.com.br\/novoportal\/?p=63100"},"modified":"2016-12-18T12:44:20","modified_gmt":"2016-12-18T15:44:20","slug":"heraldo-rocha-assume-coordenacao-regional-do-dnocs-na-bahia-nesta-segunda","status":"publish","type":"post","link":"https:\/\/www.sudoestehoje.com.br\/novoportal\/2016\/12\/18\/heraldo-rocha-assume-coordenacao-regional-do-dnocs-na-bahia-nesta-segunda\/","title":{"rendered":"HERALDO ROCHA ASSUME COORDENA\u00c7\u00c3O REGIONAL DO DNOCS NA BAHIA, NESTA SEGUNDA"},"content":{"rendered":"<p class=\"yiv1077891075MsoNormal\"><img loading=\"lazy\" decoding=\"async\" class=\"\" src=\"http:\/\/www.calilanoticias.com\/wp-content\/uploads\/2016\/01\/Heraldo-Rocha.jpg\" alt=\"Resultado de imagem para heraldo rocha\" width=\"500\" height=\"299\" \/><\/p>\n<p id=\"yui_3_16_0_ym19_1_1482074797029_2783\" class=\"yiv1077891075MsoNormal\"><span id=\"yui_3_16_0_ym19_1_1482074797029_2782\">Indicado pelo deputado federal Jos\u00e9 Carlos Aleluia (DEM-BA), o ex-deputado estadual Heraldo Rocha (DEM) assume a coordena\u00e7\u00e3o regional do Departamento Nacional de Obras Contra as Secas (Dnocs), nesta segunda-feira (19).<\/span><\/p>\n<p id=\"yui_3_16_0_ym19_1_1482074797029_2781\" class=\"yiv1077891075MsoNormal\"><span id=\"yui_3_16_0_ym19_1_1482074797029_2779\">Em visita para tomar p\u00e9 da situa\u00e7\u00e3o do \u00f3rg\u00e3o, na semana passada, Heraldo Rocha constatou o total esvaziamento do \u00f3rg\u00e3o na Bahia. \u201cEncontrei servidores capazes, mas desestimulados pela falta de condi\u00e7\u00f5es e dificuldades para a execu\u00e7\u00e3o de qualquer projeto\u201d. Segundo ele, todo o poder decis\u00f3rio est\u00e1 concentrado no Cear\u00e1, a quem a Bahia est\u00e1 subordinada, embora seja o maior estado do Nordeste e tenha 65% de seu territ\u00f3rio no semi\u00e1rido.<\/span><\/p>\n<p id=\"yui_3_16_0_ym19_1_1482074797029_4332\" class=\"yiv1077891075MsoNormal\">\u00a0<span id=\"yui_3_16_0_ym19_1_1482074797029_4330\">\u201c Vamos trabalhar pela reestrutura\u00e7\u00e3o do Dnocs e recuperar o protagonismo perdido pela Bahia, para colocar o \u00f3rg\u00e3o a servi\u00e7o dos baianos tamb\u00e9m. Mudar essa estrutura centralizada num estado apenas. Para isso, espero contar com toda a bancada federal da Bahia nesta jornada que come\u00e7a a partir desta segunda-feira\u201d, convoca Heraldo Rocha, determinado a mudar a cara do \u00f3rg\u00e3o e faz\u00ea-lo funcionar em prol do combate \u00e0 seca, que tanto castiga os nordestinos. \/\/<em>Ascom<\/em><\/span><\/p>\n","protected":false},"excerpt":{"rendered":"<p>Indicado pelo deputado federal Jos\u00e9 Carlos Aleluia (DEM-BA), o ex-deputado estadual Heraldo Rocha (DEM) assume a coordena\u00e7\u00e3o regional do Departamento Nacional de Obras Contra as Secas (Dnocs), nesta segunda-feira (19). Em visita para tomar p\u00e9 da situa\u00e7\u00e3o do \u00f3rg\u00e3o, na semana passada, Heraldo Rocha constatou o total esvaziamento do \u00f3rg\u00e3o na Bahia. \u201cEncontrei servidores capazes, [&hellip;]<\/p>\n","protected":false},"author":2,"featured_media":0,"comment_status":"open","ping_status":"open","sticky":false,"template":"","format":"standard","meta":{"footnotes":"","_links_to":"","_links_to_target":""},"categories":[1],"tags":[],"class_list":["post-63100","post","type-post","status-publish","format-standard","hentry","category-geral"],"views":1993,"_links":{"self":[{"href":"https:\/\/www.sudoestehoje.com.br\/novoportal\/wp-json\/wp\/v2\/posts\/63100","targetHints":{"allow":["GET"]}}],"collection":[{"href":"https:\/\/www.sudoestehoje.com.br\/novoportal\/wp-json\/wp\/v2\/posts"}],"about":[{"href":"https:\/\/www.sudoestehoje.com.br\/novoportal\/wp-json\/wp\/v2\/types\/post"}],"author":[{"embeddable":true,"href":"https:\/\/www.sudoestehoje.com.br\/novoportal\/wp-json\/wp\/v2\/users\/2"}],"replies":[{"embeddable":true,"href":"https:\/\/www.sudoestehoje.com.br\/novoportal\/wp-json\/wp\/v2\/comments?post=63100"}],"version-history":[{"count":3,"href":"https:\/\/www.sudoestehoje.com.br\/novoportal\/wp-json\/wp\/v2\/posts\/63100\/revisions"}],"predecessor-version":[{"id":63104,"href":"https:\/\/www.sudoestehoje.com.br\/novoportal\/wp-json\/wp\/v2\/posts\/63100\/revisions\/63104"}],"wp:attachment":[{"href":"https:\/\/www.sudoestehoje.com.br\/novoportal\/wp-json\/wp\/v2\/media?parent=63100"}],"wp:term":[{"taxonomy":"category","embeddable":true,"href":"https:\/\/www.sudoestehoje.com.br\/novoportal\/wp-json\/wp\/v2\/categories?post=63100"},{"taxonomy":"post_tag","embeddable":true,"href":"https:\/\/www.sudoestehoje.com.br\/novoportal\/wp-json\/wp\/v2\/tags?post=63100"}],"curies":[{"name":"wp","href":"https:\/\/api.w.org\/{rel}","templated":true}]}}