
{"id":6310,"date":"2011-07-02T12:32:28","date_gmt":"2011-07-02T15:32:28","guid":{"rendered":"http:\/\/www.sudoestehoje.com.br\/novoportal\/?p=6310"},"modified":"2011-07-03T01:17:43","modified_gmt":"2011-07-03T04:17:43","slug":"morre-o-ex-presidente-itamar-franco","status":"publish","type":"post","link":"https:\/\/www.sudoestehoje.com.br\/novoportal\/2011\/07\/02\/morre-o-ex-presidente-itamar-franco\/","title":{"rendered":"MORRE O EX-PRESIDENTE ITAMAR FRANCO"},"content":{"rendered":"<p style=\"text-align: center;\"><img decoding=\"async\" src=\"http:\/\/1.bp.blogspot.com\/-yKDf3dh1Dr8\/TVh2_tFznjI\/AAAAAAAADNg\/upk7PFa1EkM\/s1600\/itamar_franco_jpeg.jpeg\" alt=\"\" \/><\/p>\n<p style=\"text-align: center;\">\u00a0<strong><em>Itamar Franco: 1930 &#8211; 2011<\/em><\/strong><\/p>\n<p>\u00a0<\/p>\n<p>Morreu neste s\u00e1bado o senador e ex-presidente da Rep\u00fablica, Itamar Franco, do PSDB mineiro, que estava internado no Hospital Israelita Albert Einstein, em S\u00e3o Paulo. Diagnosticado recentemente de leucemia, Itamar morreu, no entanto, de uma pneumonia e estava na UTI do hospital em estado grave.<\/p>\n<p>Itamar Franco sucedeu a Fernando Collor, apeado do poder por impeachment, de quem era vice-presidente. No comando do Pa\u00eds, o pol\u00edtico mineiro surpreendeu com uma administra\u00e7\u00e3o que mudou o curso econ\u00f4mico da Rep\u00fablica, debelando, com Fernando Henrique Cardoso no Minist\u00e9rio da Fazenda, uma infla\u00e7\u00e3o que, at\u00e9 ent\u00e3o, resistia a planos para extirp\u00e1-la e cujo \u00e1pice se registrou no governo Jos\u00e9 Sarney quando atingiu \u00edndice em torno de 82% ao m\u00eas. Itamar deu carta branca a sua equipe que, ent\u00e3o, implantou o Plano Real que possibilitou novos rumos para o Brasil.<\/p>\n<p>Prefeito de Juiz de Fora, Itamar despontou na pol\u00edtica nacional no grande avan\u00e7o oposicionista de 1973, quando o ent\u00e3o MDB, conduzido por Ulysses Guimar\u00e3es, imp\u00f4s uma grande derrota \u00e0 ditadura militar, conquistando a maioria das vagas do Senado na elei\u00e7\u00e3o realizada naquele ano.<\/p>\n<p>Ele foi tamb\u00e9m governador de Minas. Conciliador, mas intempestivo \u00e0s vezes, al\u00e9m de valente como pol\u00edtico, sua leucemia foi diagnosticada no \u00faltimo 21 de maio e estava se submetendo \u00e0s sess\u00f5es de quimioterapia. Respondia bem ao tratamento quando contraiu uma pneumonia diagnosticada no \u00faltimo dia 27. O ex-presidente governou o pa\u00eds de 1992 a 1994.<\/p>\n<p>Ele completou 81 anos no \u00faltimo dia 28 de junho. Foi eleito senador no ano passado, com 5.125.455 votos. Era engenheiro e nasceu a bordo de um navio e foi registrado\u00a0em Salvador.<\/p>\n<p><em><strong>Bahia Noticias<\/strong><\/em><\/p>\n","protected":false},"excerpt":{"rendered":"<p>\u00a0Itamar Franco: 1930 &#8211; 2011 \u00a0 Morreu neste s\u00e1bado o senador e ex-presidente da Rep\u00fablica, Itamar Franco, do PSDB mineiro, que estava internado no Hospital Israelita Albert Einstein, em S\u00e3o Paulo. Diagnosticado recentemente de leucemia, Itamar morreu, no entanto, de uma pneumonia e estava na UTI do hospital em estado grave. Itamar Franco sucedeu a [&hellip;]<\/p>\n","protected":false},"author":2,"featured_media":0,"comment_status":"open","ping_status":"open","sticky":false,"template":"","format":"standard","meta":{"footnotes":"","_links_to":"","_links_to_target":""},"categories":[1],"tags":[],"class_list":["post-6310","post","type-post","status-publish","format-standard","hentry","category-geral"],"views":1209,"_links":{"self":[{"href":"https:\/\/www.sudoestehoje.com.br\/novoportal\/wp-json\/wp\/v2\/posts\/6310","targetHints":{"allow":["GET"]}}],"collection":[{"href":"https:\/\/www.sudoestehoje.com.br\/novoportal\/wp-json\/wp\/v2\/posts"}],"about":[{"href":"https:\/\/www.sudoestehoje.com.br\/novoportal\/wp-json\/wp\/v2\/types\/post"}],"author":[{"embeddable":true,"href":"https:\/\/www.sudoestehoje.com.br\/novoportal\/wp-json\/wp\/v2\/users\/2"}],"replies":[{"embeddable":true,"href":"https:\/\/www.sudoestehoje.com.br\/novoportal\/wp-json\/wp\/v2\/comments?post=6310"}],"version-history":[{"count":5,"href":"https:\/\/www.sudoestehoje.com.br\/novoportal\/wp-json\/wp\/v2\/posts\/6310\/revisions"}],"predecessor-version":[{"id":6312,"href":"https:\/\/www.sudoestehoje.com.br\/novoportal\/wp-json\/wp\/v2\/posts\/6310\/revisions\/6312"}],"wp:attachment":[{"href":"https:\/\/www.sudoestehoje.com.br\/novoportal\/wp-json\/wp\/v2\/media?parent=6310"}],"wp:term":[{"taxonomy":"category","embeddable":true,"href":"https:\/\/www.sudoestehoje.com.br\/novoportal\/wp-json\/wp\/v2\/categories?post=6310"},{"taxonomy":"post_tag","embeddable":true,"href":"https:\/\/www.sudoestehoje.com.br\/novoportal\/wp-json\/wp\/v2\/tags?post=6310"}],"curies":[{"name":"wp","href":"https:\/\/api.w.org\/{rel}","templated":true}]}}