
{"id":63072,"date":"2016-12-17T08:58:57","date_gmt":"2016-12-17T11:58:57","guid":{"rendered":"http:\/\/www.sudoestehoje.com.br\/novoportal\/?p=63072"},"modified":"2016-12-18T10:15:37","modified_gmt":"2016-12-18T13:15:37","slug":"itapetinga-rodrigo-hagge-e-diplomado-e-anuncia-1o-escalao-de-governo","status":"publish","type":"post","link":"https:\/\/www.sudoestehoje.com.br\/novoportal\/2016\/12\/17\/itapetinga-rodrigo-hagge-e-diplomado-e-anuncia-1o-escalao-de-governo\/","title":{"rendered":"ITAPETINGA: RODRIGO HAGGE \u00c9 DIPLOMADO E ANUNCIA 1\u00ba ESCAL\u00c3O DE GOVERNO"},"content":{"rendered":"<p><a href=\"http:\/\/www.sudoestehoje.com.br\/novoportal\/wp-content\/uploads\/2016\/12\/GEDC7177.jpg\"><img loading=\"lazy\" decoding=\"async\" class=\"aligncenter size-medium wp-image-63073\" src=\"http:\/\/www.sudoestehoje.com.br\/novoportal\/wp-content\/uploads\/2016\/12\/GEDC7177-500x375.jpg\" alt=\"GEDSC DIGITAL CAMERA\" width=\"500\" height=\"375\" srcset=\"https:\/\/www.sudoestehoje.com.br\/novoportal\/wp-content\/uploads\/2016\/12\/GEDC7177-500x375.jpg 500w, https:\/\/www.sudoestehoje.com.br\/novoportal\/wp-content\/uploads\/2016\/12\/GEDC7177.jpg 640w\" sizes=\"auto, (max-width: 500px) 100vw, 500px\" \/><\/a><\/p>\n<p>Ap\u00f3s ser diplomado juntamente como vice Renan Pereira e os vereadores eleitos, na manh\u00e3 desta sexta-feira, o prefeito eleito Rodrigo Hagge anunciou, em nova cerim\u00f4nia na parte da noite, os nomes que formar\u00e3o o seu secretariado, no plen\u00e1rio da c\u00e2mara municipal.<\/p>\n<p><a href=\"http:\/\/www.sudoestehoje.com.br\/novoportal\/wp-content\/uploads\/2016\/12\/GEDC7180.jpg\"><img loading=\"lazy\" decoding=\"async\" class=\"aligncenter size-medium wp-image-63074\" src=\"http:\/\/www.sudoestehoje.com.br\/novoportal\/wp-content\/uploads\/2016\/12\/GEDC7180-500x375.jpg\" alt=\"GEDSC DIGITAL CAMERA\" width=\"500\" height=\"375\" srcset=\"https:\/\/www.sudoestehoje.com.br\/novoportal\/wp-content\/uploads\/2016\/12\/GEDC7180-500x375.jpg 500w, https:\/\/www.sudoestehoje.com.br\/novoportal\/wp-content\/uploads\/2016\/12\/GEDC7180.jpg 640w\" sizes=\"auto, (max-width: 500px) 100vw, 500px\" \/><\/a><\/p>\n<p>A cerim\u00f4nia de diploma\u00e7\u00e3o foi marcada por forte emo\u00e7\u00e3o, quando o l\u00edder peemedebista Michel Hagge foi ovacionado e chorou ao ser citado pelo neto Rodrigo, num momento marcante para a sua longa vida pol\u00edtica.<\/p>\n<p><a href=\"http:\/\/www.sudoestehoje.com.br\/novoportal\/wp-content\/uploads\/2016\/12\/GEDC6995.jpg\"><img loading=\"lazy\" decoding=\"async\" class=\"aligncenter size-medium wp-image-63075\" src=\"http:\/\/www.sudoestehoje.com.br\/novoportal\/wp-content\/uploads\/2016\/12\/GEDC6995-500x375.jpg\" alt=\"GEDSC DIGITAL CAMERA\" width=\"500\" height=\"375\" srcset=\"https:\/\/www.sudoestehoje.com.br\/novoportal\/wp-content\/uploads\/2016\/12\/GEDC6995-500x375.jpg 500w, https:\/\/www.sudoestehoje.com.br\/novoportal\/wp-content\/uploads\/2016\/12\/GEDC6995.jpg 640w\" sizes=\"auto, (max-width: 500px) 100vw, 500px\" \/><\/a><\/p>\n<p>Na solenidade de an\u00fancio do secretariado, Rodrigo fez uma breve explana\u00e7\u00e3o sobre a reforma administrativa que pretende implementar a partir de janeiro, fundindo alguma secretarias, o que representar\u00e1 uma economia anual de mais de 5 milh\u00f5es de reais para os cofres municipais.<\/p>\n<p><a href=\"http:\/\/www.sudoestehoje.com.br\/novoportal\/wp-content\/uploads\/2016\/12\/GEDC6983.jpg\"><img loading=\"lazy\" decoding=\"async\" class=\"aligncenter size-medium wp-image-63076\" src=\"http:\/\/www.sudoestehoje.com.br\/novoportal\/wp-content\/uploads\/2016\/12\/GEDC6983-500x375.jpg\" alt=\"GEDSC DIGITAL CAMERA\" width=\"500\" height=\"375\" srcset=\"https:\/\/www.sudoestehoje.com.br\/novoportal\/wp-content\/uploads\/2016\/12\/GEDC6983-500x375.jpg 500w, https:\/\/www.sudoestehoje.com.br\/novoportal\/wp-content\/uploads\/2016\/12\/GEDC6983.jpg 640w\" sizes=\"auto, (max-width: 500px) 100vw, 500px\" \/><\/a><\/p>\n<p><img loading=\"lazy\" decoding=\"async\" class=\"aligncenter\" src=\"https:\/\/scontent-grt2-1.xx.fbcdn.net\/v\/t1.0-9\/15541465_370221743358254_414144115954232352_n.jpg?oh=3078c6809e286764c05b2e4fd624551d&amp;oe=58AFF024\" alt=\"A imagem pode conter: 19 pessoas, pessoas sorrindo, pessoas em p\u00e9\" width=\"500\" height=\"286\" \/><\/p>\n<p><strong><em>Confira a rela\u00e7\u00e3o e \u00a0fotos dos novos secret\u00e1rios e diretores do SAAE e Comutran, na galeria abaixo:<\/em><\/strong><!--more--><\/p>\n<p>&nbsp;<\/p>\n<div id=\"attachment_63092\" style=\"width: 510px\" class=\"wp-caption aligncenter\"><a href=\"http:\/\/www.sudoestehoje.com.br\/novoportal\/wp-content\/uploads\/2016\/12\/GEDC7117.jpg\"><img loading=\"lazy\" decoding=\"async\" aria-describedby=\"caption-attachment-63092\" class=\"size-medium wp-image-63092\" src=\"http:\/\/www.sudoestehoje.com.br\/novoportal\/wp-content\/uploads\/2016\/12\/GEDC7117-500x375.jpg\" alt=\"NOVOS SECRET\u00c1RIOS MUNICIPAIS\" width=\"500\" height=\"375\" srcset=\"https:\/\/www.sudoestehoje.com.br\/novoportal\/wp-content\/uploads\/2016\/12\/GEDC7117-500x375.jpg 500w, https:\/\/www.sudoestehoje.com.br\/novoportal\/wp-content\/uploads\/2016\/12\/GEDC7117.jpg 640w\" sizes=\"auto, (max-width: 500px) 100vw, 500px\" \/><\/a><p id=\"caption-attachment-63092\" class=\"wp-caption-text\"><strong>NOVOS SECRET\u00c1RIOS MUNICIPAIS<\/strong><\/p><\/div>\n<div id=\"attachment_63077\" style=\"width: 510px\" class=\"wp-caption aligncenter\"><a href=\"http:\/\/www.sudoestehoje.com.br\/novoportal\/wp-content\/uploads\/2016\/12\/GEDC7104.jpg\"><img loading=\"lazy\" decoding=\"async\" aria-describedby=\"caption-attachment-63077\" class=\"size-medium wp-image-63077\" src=\"http:\/\/www.sudoestehoje.com.br\/novoportal\/wp-content\/uploads\/2016\/12\/GEDC7104-500x375.jpg\" alt=\"DR. BERNARDO PEREIRA - SEC. DE GOVERNO (GABINETE)\" width=\"500\" height=\"375\" srcset=\"https:\/\/www.sudoestehoje.com.br\/novoportal\/wp-content\/uploads\/2016\/12\/GEDC7104-500x375.jpg 500w, https:\/\/www.sudoestehoje.com.br\/novoportal\/wp-content\/uploads\/2016\/12\/GEDC7104.jpg 640w\" sizes=\"auto, (max-width: 500px) 100vw, 500px\" \/><\/a><p id=\"caption-attachment-63077\" class=\"wp-caption-text\"><strong>DR. BERNARDO PEREIRA &#8211; SEC. DE GOVERNO (GABINETE)<\/strong><\/p><\/div>\n<div id=\"attachment_63078\" style=\"width: 510px\" class=\"wp-caption aligncenter\"><a href=\"http:\/\/www.sudoestehoje.com.br\/novoportal\/wp-content\/uploads\/2016\/12\/GEDC7105.jpg\"><img loading=\"lazy\" decoding=\"async\" aria-describedby=\"caption-attachment-63078\" class=\"size-medium wp-image-63078\" src=\"http:\/\/www.sudoestehoje.com.br\/novoportal\/wp-content\/uploads\/2016\/12\/GEDC7105-500x375.jpg\" alt=\"CARLITO FERRAZ -SEC. DE ADMINISTRA\u00c7\u00c3O\" width=\"500\" height=\"375\" srcset=\"https:\/\/www.sudoestehoje.com.br\/novoportal\/wp-content\/uploads\/2016\/12\/GEDC7105-500x375.jpg 500w, https:\/\/www.sudoestehoje.com.br\/novoportal\/wp-content\/uploads\/2016\/12\/GEDC7105.jpg 640w\" sizes=\"auto, (max-width: 500px) 100vw, 500px\" \/><\/a><p id=\"caption-attachment-63078\" class=\"wp-caption-text\"><strong>CARLITO FERRAZ -SEC. DE ADMINISTRA\u00c7\u00c3O<\/strong><\/p><\/div>\n<div id=\"attachment_63079\" style=\"width: 510px\" class=\"wp-caption aligncenter\"><a href=\"http:\/\/www.sudoestehoje.com.br\/novoportal\/wp-content\/uploads\/2016\/12\/GEDC7106.jpg\"><img loading=\"lazy\" decoding=\"async\" aria-describedby=\"caption-attachment-63079\" class=\"size-medium wp-image-63079\" src=\"http:\/\/www.sudoestehoje.com.br\/novoportal\/wp-content\/uploads\/2016\/12\/GEDC7106-500x375.jpg\" alt=\"ORLANDO - SEC. DE FAZENDA\" width=\"500\" height=\"375\" srcset=\"https:\/\/www.sudoestehoje.com.br\/novoportal\/wp-content\/uploads\/2016\/12\/GEDC7106-500x375.jpg 500w, https:\/\/www.sudoestehoje.com.br\/novoportal\/wp-content\/uploads\/2016\/12\/GEDC7106.jpg 640w\" sizes=\"auto, (max-width: 500px) 100vw, 500px\" \/><\/a><p id=\"caption-attachment-63079\" class=\"wp-caption-text\"><strong>ORLANDO &#8211; SEC. DE FAZENDA<\/strong><\/p><\/div>\n<div id=\"attachment_63080\" style=\"width: 510px\" class=\"wp-caption aligncenter\"><a href=\"http:\/\/www.sudoestehoje.com.br\/novoportal\/wp-content\/uploads\/2016\/12\/GEDC7107.jpg\"><img loading=\"lazy\" decoding=\"async\" aria-describedby=\"caption-attachment-63080\" class=\"size-medium wp-image-63080\" src=\"http:\/\/www.sudoestehoje.com.br\/novoportal\/wp-content\/uploads\/2016\/12\/GEDC7107-500x375.jpg\" alt=\"PORTELA - SEC. DE DESENVOLVIMENTO SOCIAL\" width=\"500\" height=\"375\" srcset=\"https:\/\/www.sudoestehoje.com.br\/novoportal\/wp-content\/uploads\/2016\/12\/GEDC7107-500x375.jpg 500w, https:\/\/www.sudoestehoje.com.br\/novoportal\/wp-content\/uploads\/2016\/12\/GEDC7107.jpg 640w\" sizes=\"auto, (max-width: 500px) 100vw, 500px\" \/><\/a><p id=\"caption-attachment-63080\" class=\"wp-caption-text\"><strong>PORTELA &#8211; SEC. DE DESENVOLVIMENTO SOCIAL<\/strong><\/p><\/div>\n<div id=\"attachment_63081\" style=\"width: 510px\" class=\"wp-caption aligncenter\"><a href=\"http:\/\/www.sudoestehoje.com.br\/novoportal\/wp-content\/uploads\/2016\/12\/GEDC7108.jpg\"><img loading=\"lazy\" decoding=\"async\" aria-describedby=\"caption-attachment-63081\" class=\"size-medium wp-image-63081\" src=\"http:\/\/www.sudoestehoje.com.br\/novoportal\/wp-content\/uploads\/2016\/12\/GEDC7108-500x375.jpg\" alt=\"GERALDO TRINDADE - SEC. DE EDUCA\u00c7\u00c3O\" width=\"500\" height=\"375\" srcset=\"https:\/\/www.sudoestehoje.com.br\/novoportal\/wp-content\/uploads\/2016\/12\/GEDC7108-500x375.jpg 500w, https:\/\/www.sudoestehoje.com.br\/novoportal\/wp-content\/uploads\/2016\/12\/GEDC7108.jpg 640w\" sizes=\"auto, (max-width: 500px) 100vw, 500px\" \/><\/a><p id=\"caption-attachment-63081\" class=\"wp-caption-text\"><strong>GERALDO TRINDADE &#8211; SEC. DE EDUCA\u00c7\u00c3O<\/strong><\/p><\/div>\n<div id=\"attachment_63082\" style=\"width: 510px\" class=\"wp-caption aligncenter\"><a href=\"http:\/\/www.sudoestehoje.com.br\/novoportal\/wp-content\/uploads\/2016\/12\/GEDC7109.jpg\"><img loading=\"lazy\" decoding=\"async\" aria-describedby=\"caption-attachment-63082\" class=\"size-medium wp-image-63082\" src=\"http:\/\/www.sudoestehoje.com.br\/novoportal\/wp-content\/uploads\/2016\/12\/GEDC7109-500x375.jpg\" alt=\"LIEGE BOMFIM - SEC. DE SA\u00daDE\" width=\"500\" height=\"375\" srcset=\"https:\/\/www.sudoestehoje.com.br\/novoportal\/wp-content\/uploads\/2016\/12\/GEDC7109-500x375.jpg 500w, https:\/\/www.sudoestehoje.com.br\/novoportal\/wp-content\/uploads\/2016\/12\/GEDC7109.jpg 640w\" sizes=\"auto, (max-width: 500px) 100vw, 500px\" \/><\/a><p id=\"caption-attachment-63082\" class=\"wp-caption-text\"><strong>LIEGE BOMFIM &#8211; SEC. DE SA\u00daDE<\/strong><\/p><\/div>\n<div id=\"attachment_63084\" style=\"width: 510px\" class=\"wp-caption aligncenter\"><a href=\"http:\/\/www.sudoestehoje.com.br\/novoportal\/wp-content\/uploads\/2016\/12\/GEDC7111.jpg\"><img loading=\"lazy\" decoding=\"async\" aria-describedby=\"caption-attachment-63084\" class=\"size-medium wp-image-63084\" src=\"http:\/\/www.sudoestehoje.com.br\/novoportal\/wp-content\/uploads\/2016\/12\/GEDC7111-500x375.jpg\" alt=\"AIRTON FERRAZ - SEC. DE INFRAESTRUTURA, TRANSPORTES E MEIO AMBIENTE\" width=\"500\" height=\"375\" srcset=\"https:\/\/www.sudoestehoje.com.br\/novoportal\/wp-content\/uploads\/2016\/12\/GEDC7111-500x375.jpg 500w, https:\/\/www.sudoestehoje.com.br\/novoportal\/wp-content\/uploads\/2016\/12\/GEDC7111.jpg 640w\" sizes=\"auto, (max-width: 500px) 100vw, 500px\" \/><\/a><p id=\"caption-attachment-63084\" class=\"wp-caption-text\"><strong>AIRTON FERRAZ &#8211; SEC. DE INFRAESTRUTURA, TRANSPORTES E MEIO AMBIENTE<\/strong><\/p><\/div>\n<div id=\"attachment_63085\" style=\"width: 510px\" class=\"wp-caption aligncenter\"><a href=\"http:\/\/www.sudoestehoje.com.br\/novoportal\/wp-content\/uploads\/2016\/12\/GEDC7112.jpg\"><img loading=\"lazy\" decoding=\"async\" aria-describedby=\"caption-attachment-63085\" class=\"size-medium wp-image-63085\" src=\"http:\/\/www.sudoestehoje.com.br\/novoportal\/wp-content\/uploads\/2016\/12\/GEDC7112-500x375.jpg\" alt=\"DARWIN NUNES - SECRET\u00c1RIO DE CULTURA, ESPORTES E TURISMO\" width=\"500\" height=\"375\" srcset=\"https:\/\/www.sudoestehoje.com.br\/novoportal\/wp-content\/uploads\/2016\/12\/GEDC7112-500x375.jpg 500w, https:\/\/www.sudoestehoje.com.br\/novoportal\/wp-content\/uploads\/2016\/12\/GEDC7112.jpg 640w\" sizes=\"auto, (max-width: 500px) 100vw, 500px\" \/><\/a><p id=\"caption-attachment-63085\" class=\"wp-caption-text\"><strong>DARWIN NUNES &#8211; SECRET\u00c1RIO DE CULTURA, ESPORTES E TURISMO<\/strong><\/p><\/div>\n<div id=\"attachment_63088\" style=\"width: 510px\" class=\"wp-caption aligncenter\"><a href=\"http:\/\/www.sudoestehoje.com.br\/novoportal\/wp-content\/uploads\/2016\/12\/GEDC7115.jpg\"><img loading=\"lazy\" decoding=\"async\" aria-describedby=\"caption-attachment-63088\" class=\"size-medium wp-image-63088\" src=\"http:\/\/www.sudoestehoje.com.br\/novoportal\/wp-content\/uploads\/2016\/12\/GEDC7115-500x375.jpg\" alt=\"ALEX DUTRA - DIRETOR DO SAAE\" width=\"500\" height=\"375\" srcset=\"https:\/\/www.sudoestehoje.com.br\/novoportal\/wp-content\/uploads\/2016\/12\/GEDC7115-500x375.jpg 500w, https:\/\/www.sudoestehoje.com.br\/novoportal\/wp-content\/uploads\/2016\/12\/GEDC7115.jpg 640w\" sizes=\"auto, (max-width: 500px) 100vw, 500px\" \/><\/a><p id=\"caption-attachment-63088\" class=\"wp-caption-text\"><strong>ALEX DUTRA &#8211; DIRETOR DO SAAE<\/strong><\/p><\/div>\n<div id=\"attachment_63086\" style=\"width: 510px\" class=\"wp-caption aligncenter\"><a href=\"http:\/\/www.sudoestehoje.com.br\/novoportal\/wp-content\/uploads\/2016\/12\/GEDC7113.jpg\"><img loading=\"lazy\" decoding=\"async\" aria-describedby=\"caption-attachment-63086\" class=\"size-medium wp-image-63086\" src=\"http:\/\/www.sudoestehoje.com.br\/novoportal\/wp-content\/uploads\/2016\/12\/GEDC7113-500x375.jpg\" alt=\"WASHINGTON MACIEL - SEC. DE PLANEJAMENTO\" width=\"500\" height=\"375\" srcset=\"https:\/\/www.sudoestehoje.com.br\/novoportal\/wp-content\/uploads\/2016\/12\/GEDC7113-500x375.jpg 500w, https:\/\/www.sudoestehoje.com.br\/novoportal\/wp-content\/uploads\/2016\/12\/GEDC7113.jpg 640w\" sizes=\"auto, (max-width: 500px) 100vw, 500px\" \/><\/a><p id=\"caption-attachment-63086\" class=\"wp-caption-text\"><strong>WASHINGTON MACIEL &#8211; SEC. DE PLANEJAMENTO<\/strong><\/p><\/div>\n<div id=\"attachment_63091\" style=\"width: 510px\" class=\"wp-caption aligncenter\"><a href=\"http:\/\/www.sudoestehoje.com.br\/novoportal\/wp-content\/uploads\/2016\/12\/GEDC7116.jpg\"><img loading=\"lazy\" decoding=\"async\" aria-describedby=\"caption-attachment-63091\" class=\"size-medium wp-image-63091\" src=\"http:\/\/www.sudoestehoje.com.br\/novoportal\/wp-content\/uploads\/2016\/12\/GEDC7116-500x375.jpg\" alt=\"SGT CLAUDIO - COORDENADOR DA COMUTRAN\" width=\"500\" height=\"375\" srcset=\"https:\/\/www.sudoestehoje.com.br\/novoportal\/wp-content\/uploads\/2016\/12\/GEDC7116-500x375.jpg 500w, https:\/\/www.sudoestehoje.com.br\/novoportal\/wp-content\/uploads\/2016\/12\/GEDC7116.jpg 640w\" sizes=\"auto, (max-width: 500px) 100vw, 500px\" \/><\/a><p id=\"caption-attachment-63091\" class=\"wp-caption-text\"><strong>SGT CLAUDIO &#8211; COORDENADOR DA COMUTRAN<\/strong><\/p><\/div>\n<div id=\"attachment_63087\" style=\"width: 510px\" class=\"wp-caption aligncenter\"><a href=\"http:\/\/www.sudoestehoje.com.br\/novoportal\/wp-content\/uploads\/2016\/12\/GEDC7114.jpg\"><img loading=\"lazy\" decoding=\"async\" aria-describedby=\"caption-attachment-63087\" class=\"size-medium wp-image-63087\" src=\"http:\/\/www.sudoestehoje.com.br\/novoportal\/wp-content\/uploads\/2016\/12\/GEDC7114-500x375.jpg\" alt=\"DR. DIOGO MATOS - PROCURADOR JUR\u00cdDICO\" width=\"500\" height=\"375\" srcset=\"https:\/\/www.sudoestehoje.com.br\/novoportal\/wp-content\/uploads\/2016\/12\/GEDC7114-500x375.jpg 500w, https:\/\/www.sudoestehoje.com.br\/novoportal\/wp-content\/uploads\/2016\/12\/GEDC7114.jpg 640w\" sizes=\"auto, (max-width: 500px) 100vw, 500px\" \/><\/a><p id=\"caption-attachment-63087\" class=\"wp-caption-text\"><strong>DR. DIOGO MATOS &#8211; PROCURADOR JUR\u00cdDICO<\/strong><\/p><\/div>\n","protected":false},"excerpt":{"rendered":"<p>Ap\u00f3s ser diplomado juntamente como vice Renan Pereira e os vereadores eleitos, na manh\u00e3 desta sexta-feira, o prefeito eleito Rodrigo Hagge anunciou, em nova cerim\u00f4nia na parte da noite, os nomes que formar\u00e3o o seu secretariado, no plen\u00e1rio da c\u00e2mara municipal. A cerim\u00f4nia de diploma\u00e7\u00e3o foi marcada por forte emo\u00e7\u00e3o, quando o l\u00edder peemedebista Michel [&hellip;]<\/p>\n","protected":false},"author":2,"featured_media":0,"comment_status":"open","ping_status":"open","sticky":false,"template":"","format":"standard","meta":{"footnotes":"","_links_to":"","_links_to_target":""},"categories":[1],"tags":[],"class_list":["post-63072","post","type-post","status-publish","format-standard","hentry","category-geral"],"views":3433,"_links":{"self":[{"href":"https:\/\/www.sudoestehoje.com.br\/novoportal\/wp-json\/wp\/v2\/posts\/63072","targetHints":{"allow":["GET"]}}],"collection":[{"href":"https:\/\/www.sudoestehoje.com.br\/novoportal\/wp-json\/wp\/v2\/posts"}],"about":[{"href":"https:\/\/www.sudoestehoje.com.br\/novoportal\/wp-json\/wp\/v2\/types\/post"}],"author":[{"embeddable":true,"href":"https:\/\/www.sudoestehoje.com.br\/novoportal\/wp-json\/wp\/v2\/users\/2"}],"replies":[{"embeddable":true,"href":"https:\/\/www.sudoestehoje.com.br\/novoportal\/wp-json\/wp\/v2\/comments?post=63072"}],"version-history":[{"count":7,"href":"https:\/\/www.sudoestehoje.com.br\/novoportal\/wp-json\/wp\/v2\/posts\/63072\/revisions"}],"predecessor-version":[{"id":63099,"href":"https:\/\/www.sudoestehoje.com.br\/novoportal\/wp-json\/wp\/v2\/posts\/63072\/revisions\/63099"}],"wp:attachment":[{"href":"https:\/\/www.sudoestehoje.com.br\/novoportal\/wp-json\/wp\/v2\/media?parent=63072"}],"wp:term":[{"taxonomy":"category","embeddable":true,"href":"https:\/\/www.sudoestehoje.com.br\/novoportal\/wp-json\/wp\/v2\/categories?post=63072"},{"taxonomy":"post_tag","embeddable":true,"href":"https:\/\/www.sudoestehoje.com.br\/novoportal\/wp-json\/wp\/v2\/tags?post=63072"}],"curies":[{"name":"wp","href":"https:\/\/api.w.org\/{rel}","templated":true}]}}