
{"id":63062,"date":"2016-12-03T16:06:04","date_gmt":"2016-12-03T19:06:04","guid":{"rendered":"http:\/\/www.sudoestehoje.com.br\/novoportal\/?p=63062"},"modified":"2016-12-16T16:09:56","modified_gmt":"2016-12-16T19:09:56","slug":"bahia-deputado-pedro-tavares-luta-em-prol-de-municipios-baianos","status":"publish","type":"post","link":"https:\/\/www.sudoestehoje.com.br\/novoportal\/2016\/12\/03\/bahia-deputado-pedro-tavares-luta-em-prol-de-municipios-baianos\/","title":{"rendered":"BAHIA: DEPUTADO PEDRO TAVARES LUTA EM PROL DE MUNIC\u00cdPIOS BAIANOS"},"content":{"rendered":"<p><img loading=\"lazy\" decoding=\"async\" class=\"\" src=\"http:\/\/www.agravo.blog.br\/wp-content\/uploads\/2016\/11\/PedroTavares_Divulga%C3%A7%C3%A3o.jpg\" width=\"500\" height=\"333\" \/><\/p>\n<p>O deputado Pedro Tavares (PMDB) entende que a conjun\u00e7\u00e3o de esfor\u00e7os para a pavimenta\u00e7\u00e3o da BA-120, que liga a cidade de Santo Estev\u00e3o \u00e0 Ipecaet\u00e1, apresenta forte influ\u00eancia na vida dos cidad\u00e3os baianos que utilizam a estrada para suas atividades di\u00e1rias. Por conta disso, o peemedebista apresentou indica\u00e7\u00e3o na Assembleia Legislativa solicitando a obra.<\/p>\n<p>No documento, ele destaca que, ainda que se trate de um trajeto de, aproximadamente 30 km, \u00e9 certo que a m\u00e1 conserva\u00e7\u00e3o da estrada, vem causando s\u00e9rios transtornos aos motoristas. Desse modo, a recupera\u00e7\u00e3o da via se mostra altamente relevante para garantir o progresso econ\u00f4mico e viabilizar a gera\u00e7\u00e3o de riqueza e renda para os moradores destas localidades. Al\u00e9m disso, reduzir\u00e1 consideravelmente o n\u00famero de assaltos e acidentes que est\u00e3o se tornando corriqueiros no trajeto.<\/p>\n<p><strong>AMBUL\u00c2NCIA<\/strong><\/p>\n<p>Em outra indica\u00e7\u00e3o, o peemedebista solicitou \u00e0 Secretaria da Sa\u00fade a compra de uma ambul\u00e2ncia para o munic\u00edpio de Camacan. Na solicita\u00e7\u00e3o endere\u00e7ada ao governador Rui Costa, o deputado argumenta que se trata de um \u201cmunic\u00edpio com popula\u00e7\u00e3o de 33.257 habitantes, segundo dados do IBGE 2016 e que tem sua hist\u00f3ria diretamente ligada \u00e0 expans\u00e3o do cultivo do cacau. Algumas alternativas, como a pecu\u00e1ria, o cultivo de caf\u00e9 e seringa diversificaram a economia local\u201d. Ainda segundo Tavares, \u201ca solicita\u00e7\u00e3o da ambul\u00e2ncia para atender as demandas de sa\u00fade local visa ampliar a qualidade e a presteza no atendimento. Nesse sentido, \u00e9 necess\u00e1rio ressaltar que \u00e9 direito do povo baiano dispor de transporte p\u00fablico em boas condi\u00e7\u00f5es para a preserva\u00e7\u00e3o da sa\u00fade\u201d, termina o parlamentar. \/\/<strong><em>Ascom<\/em><\/strong><\/p>\n","protected":false},"excerpt":{"rendered":"<p>O deputado Pedro Tavares (PMDB) entende que a conjun\u00e7\u00e3o de esfor\u00e7os para a pavimenta\u00e7\u00e3o da BA-120, que liga a cidade de Santo Estev\u00e3o \u00e0 Ipecaet\u00e1, apresenta forte influ\u00eancia na vida dos cidad\u00e3os baianos que utilizam a estrada para suas atividades di\u00e1rias. Por conta disso, o peemedebista apresentou indica\u00e7\u00e3o na Assembleia Legislativa solicitando a obra. No [&hellip;]<\/p>\n","protected":false},"author":2,"featured_media":0,"comment_status":"open","ping_status":"open","sticky":false,"template":"","format":"standard","meta":{"footnotes":"","_links_to":"","_links_to_target":""},"categories":[1],"tags":[],"class_list":["post-63062","post","type-post","status-publish","format-standard","hentry","category-geral"],"views":1086,"_links":{"self":[{"href":"https:\/\/www.sudoestehoje.com.br\/novoportal\/wp-json\/wp\/v2\/posts\/63062","targetHints":{"allow":["GET"]}}],"collection":[{"href":"https:\/\/www.sudoestehoje.com.br\/novoportal\/wp-json\/wp\/v2\/posts"}],"about":[{"href":"https:\/\/www.sudoestehoje.com.br\/novoportal\/wp-json\/wp\/v2\/types\/post"}],"author":[{"embeddable":true,"href":"https:\/\/www.sudoestehoje.com.br\/novoportal\/wp-json\/wp\/v2\/users\/2"}],"replies":[{"embeddable":true,"href":"https:\/\/www.sudoestehoje.com.br\/novoportal\/wp-json\/wp\/v2\/comments?post=63062"}],"version-history":[{"count":1,"href":"https:\/\/www.sudoestehoje.com.br\/novoportal\/wp-json\/wp\/v2\/posts\/63062\/revisions"}],"predecessor-version":[{"id":63063,"href":"https:\/\/www.sudoestehoje.com.br\/novoportal\/wp-json\/wp\/v2\/posts\/63062\/revisions\/63063"}],"wp:attachment":[{"href":"https:\/\/www.sudoestehoje.com.br\/novoportal\/wp-json\/wp\/v2\/media?parent=63062"}],"wp:term":[{"taxonomy":"category","embeddable":true,"href":"https:\/\/www.sudoestehoje.com.br\/novoportal\/wp-json\/wp\/v2\/categories?post=63062"},{"taxonomy":"post_tag","embeddable":true,"href":"https:\/\/www.sudoestehoje.com.br\/novoportal\/wp-json\/wp\/v2\/tags?post=63062"}],"curies":[{"name":"wp","href":"https:\/\/api.w.org\/{rel}","templated":true}]}}