
{"id":63056,"date":"2016-12-15T22:35:07","date_gmt":"2016-12-16T01:35:07","guid":{"rendered":"http:\/\/www.sudoestehoje.com.br\/novoportal\/?p=63056"},"modified":"2016-12-16T23:55:12","modified_gmt":"2016-12-17T02:55:12","slug":"exclusivo-vereador-tarugao-entra-na-disputa-pela-presidencia-da-camara","status":"publish","type":"post","link":"https:\/\/www.sudoestehoje.com.br\/novoportal\/2016\/12\/15\/exclusivo-vereador-tarugao-entra-na-disputa-pela-presidencia-da-camara\/","title":{"rendered":"EXCLUSIVO: VEREADOR TARUG\u00c3O ENTRA NA DISPUTA PELA PRESID\u00caNCIA DA C\u00c2MARA"},"content":{"rendered":"<p><img loading=\"lazy\" decoding=\"async\" class=\"\" src=\"http:\/\/www.sudoestehoje.com.br\/novoportal\/wp-content\/uploads\/2016\/06\/t.jpg\" alt=\"Resultado de imagem para vereador tarug\u00e3o\" width=\"500\" height=\"375\" \/><\/p>\n<p>O imbr\u00f3glio da elei\u00e7\u00e3o da nova mesa diretora da C\u00e2mara de Vereadores de Itapetinga tende a se agravar, com o lan\u00e7amento da candidatura do vereador Tarug\u00e3o, pela cota do PMDB.<\/p>\n<p>A decis\u00e3o do PMDB foi tomada no final da tarde desta quinta-feira (15), depois que o Democratas desistiu da candidatura de Fabiano Bahia e negou apoio \u00e0 vereadora Naara Duarte, que vem tentando viabilizar o seu nome \u00e0 revelia do partido, que j\u00e1 havia fechado quest\u00e3o com Bahia.<\/p>\n<p>Com a desist\u00eancia do DEM, os tr\u00eas vereadores do PMDB, Tarug\u00e3o, Jo\u00e3o de Deus e Jair Saloes se reuniram para definir o nome que representar\u00e1 o partido na disputa pela presid\u00eancia da c\u00e2mara.<\/p>\n<p>Segundo informa\u00e7\u00f5es obtidas pelo blog, Jair Saloes n\u00e3o quis entrar na disputa e Jo\u00e3o de Deus preferiu se resguardar para alguma conting\u00eancia. Tarug\u00e3o, que at\u00e9 ent\u00e3o apoiava Naara Duarte, foi o escolhido e dever\u00e1 contar com o apoio de todos os vereadores do grupo e do prefeito eleito Rodrigo Hagge, passando a ser favorito na disputa.<\/p>\n<p>O jogo pela presid\u00eancia da c\u00e2mara de vereadores costuma ser pesado e \u00e9 comum as viradas de mesa at\u00e9 o final do tempo regulamentar e nos acr\u00e9scimos.<\/p>\n<p><strong><em>Por Davi Ferraz\u00a0<\/em><\/strong><\/p>\n","protected":false},"excerpt":{"rendered":"<p>O imbr\u00f3glio da elei\u00e7\u00e3o da nova mesa diretora da C\u00e2mara de Vereadores de Itapetinga tende a se agravar, com o lan\u00e7amento da candidatura do vereador Tarug\u00e3o, pela cota do PMDB. A decis\u00e3o do PMDB foi tomada no final da tarde desta quinta-feira (15), depois que o Democratas desistiu da candidatura de Fabiano Bahia e negou [&hellip;]<\/p>\n","protected":false},"author":2,"featured_media":0,"comment_status":"open","ping_status":"open","sticky":false,"template":"","format":"standard","meta":{"footnotes":"","_links_to":"","_links_to_target":""},"categories":[1],"tags":[],"class_list":["post-63056","post","type-post","status-publish","format-standard","hentry","category-geral"],"views":2287,"_links":{"self":[{"href":"https:\/\/www.sudoestehoje.com.br\/novoportal\/wp-json\/wp\/v2\/posts\/63056","targetHints":{"allow":["GET"]}}],"collection":[{"href":"https:\/\/www.sudoestehoje.com.br\/novoportal\/wp-json\/wp\/v2\/posts"}],"about":[{"href":"https:\/\/www.sudoestehoje.com.br\/novoportal\/wp-json\/wp\/v2\/types\/post"}],"author":[{"embeddable":true,"href":"https:\/\/www.sudoestehoje.com.br\/novoportal\/wp-json\/wp\/v2\/users\/2"}],"replies":[{"embeddable":true,"href":"https:\/\/www.sudoestehoje.com.br\/novoportal\/wp-json\/wp\/v2\/comments?post=63056"}],"version-history":[{"count":3,"href":"https:\/\/www.sudoestehoje.com.br\/novoportal\/wp-json\/wp\/v2\/posts\/63056\/revisions"}],"predecessor-version":[{"id":63071,"href":"https:\/\/www.sudoestehoje.com.br\/novoportal\/wp-json\/wp\/v2\/posts\/63056\/revisions\/63071"}],"wp:attachment":[{"href":"https:\/\/www.sudoestehoje.com.br\/novoportal\/wp-json\/wp\/v2\/media?parent=63056"}],"wp:term":[{"taxonomy":"category","embeddable":true,"href":"https:\/\/www.sudoestehoje.com.br\/novoportal\/wp-json\/wp\/v2\/categories?post=63056"},{"taxonomy":"post_tag","embeddable":true,"href":"https:\/\/www.sudoestehoje.com.br\/novoportal\/wp-json\/wp\/v2\/tags?post=63056"}],"curies":[{"name":"wp","href":"https:\/\/api.w.org\/{rel}","templated":true}]}}