
{"id":63051,"date":"2016-12-15T22:38:41","date_gmt":"2016-12-16T01:38:41","guid":{"rendered":"http:\/\/www.sudoestehoje.com.br\/novoportal\/?p=63051"},"modified":"2016-12-16T01:13:03","modified_gmt":"2016-12-16T04:13:03","slug":"exclusivo-confira-os-provaveis-nomes-do-secretariado-de-rodrigo-hagge","status":"publish","type":"post","link":"https:\/\/www.sudoestehoje.com.br\/novoportal\/2016\/12\/15\/exclusivo-confira-os-provaveis-nomes-do-secretariado-de-rodrigo-hagge\/","title":{"rendered":"EXCLUSIVO! CONFIRA OS PROV\u00c1VEIS NOMES DO SECRETARIADO DE RODRIGO HAGGE"},"content":{"rendered":"<p><a href=\"http:\/\/www.sudoestehoje.com.br\/novoportal\/wp-content\/uploads\/2016\/12\/rodrigoo.jpg\"><img loading=\"lazy\" decoding=\"async\" class=\"aligncenter size-medium wp-image-63052\" src=\"http:\/\/www.sudoestehoje.com.br\/novoportal\/wp-content\/uploads\/2016\/12\/rodrigoo-500x277.jpg\" alt=\"rodrigoo\" width=\"500\" height=\"277\" \/><\/a><\/p>\n<p>Ap\u00f3s especula\u00e7\u00f5es nos meios pol\u00edticos e na imprensa, o Sudoeste Hoje conseguiu, com exclusividade, os nomes que ir\u00e3o compor o secretariado do prefeito eleito Rodrigo Hagge, a serem anunciados oficialmente nesta sexta-feira (16), em coletiva com a imprensa. Confira os nomes:<\/p>\n<p>EDUCA\u00c7\u00c3O &#8211; GERALDO TRINDADE<\/p>\n<p>SA\u00daDE &#8211; LIEGE BOMFIM<\/p>\n<p>INFRAESTRUTURA, TRANSPORTE E SERVI\u00c7OS P\u00daBLICOS &#8211; ENG\u00ba AIRTON FERRAZ<\/p>\n<p>FAZENDA &#8211; ORLANDO (EX-SECRET\u00c1RIO DE ADMINISTRA\u00c7\u00c3O)<\/p>\n<p>CULTURA, ESPORTE E TURISMO &#8211; DARWIN RENAN (DAI)<\/p>\n<p>ADMINISTRA\u00c7\u00c3O &#8211; CARLITO FERRAZ<\/p>\n<p>SECRETARIA DE GOVERNO &#8211; DR. BERNARDO PEREIRA<\/p>\n<p>PROCURADORIA &#8211; DR. DIOGO MATOS<\/p>\n<p>A\u00c7\u00c3O SOCIAL &#8211; PORTELA DO DIMENS\u00c3O<\/p>\n<p>SAAE &#8211; ALEX DUTRA (LEK\u00c3O)<\/p>\n<p>PLANEJAMENTO &#8211; WASHINGTON MACIEL<\/p>\n<p>COMUTRAN &#8211; CLAUDIO<\/p>\n<p>MEIO AMBIENTE &#8211; ?<\/p>\n<p>Obs: Esta lista \u00e9 extra-oficial e est\u00e1 sujeita a altera\u00e7\u00f5es.<\/p>\n<p><strong><em>Por Davi Ferraz<\/em><\/strong><\/p>\n","protected":false},"excerpt":{"rendered":"<p>Ap\u00f3s especula\u00e7\u00f5es nos meios pol\u00edticos e na imprensa, o Sudoeste Hoje conseguiu, com exclusividade, os nomes que ir\u00e3o compor o secretariado do prefeito eleito Rodrigo Hagge, a serem anunciados oficialmente nesta sexta-feira (16), em coletiva com a imprensa. Confira os nomes: EDUCA\u00c7\u00c3O &#8211; GERALDO TRINDADE SA\u00daDE &#8211; LIEGE BOMFIM INFRAESTRUTURA, TRANSPORTE E SERVI\u00c7OS P\u00daBLICOS &#8211; [&hellip;]<\/p>\n","protected":false},"author":2,"featured_media":0,"comment_status":"open","ping_status":"open","sticky":false,"template":"","format":"standard","meta":{"footnotes":"","_links_to":"","_links_to_target":""},"categories":[1],"tags":[],"class_list":["post-63051","post","type-post","status-publish","format-standard","hentry","category-geral"],"views":4654,"_links":{"self":[{"href":"https:\/\/www.sudoestehoje.com.br\/novoportal\/wp-json\/wp\/v2\/posts\/63051","targetHints":{"allow":["GET"]}}],"collection":[{"href":"https:\/\/www.sudoestehoje.com.br\/novoportal\/wp-json\/wp\/v2\/posts"}],"about":[{"href":"https:\/\/www.sudoestehoje.com.br\/novoportal\/wp-json\/wp\/v2\/types\/post"}],"author":[{"embeddable":true,"href":"https:\/\/www.sudoestehoje.com.br\/novoportal\/wp-json\/wp\/v2\/users\/2"}],"replies":[{"embeddable":true,"href":"https:\/\/www.sudoestehoje.com.br\/novoportal\/wp-json\/wp\/v2\/comments?post=63051"}],"version-history":[{"count":4,"href":"https:\/\/www.sudoestehoje.com.br\/novoportal\/wp-json\/wp\/v2\/posts\/63051\/revisions"}],"predecessor-version":[{"id":63058,"href":"https:\/\/www.sudoestehoje.com.br\/novoportal\/wp-json\/wp\/v2\/posts\/63051\/revisions\/63058"}],"wp:attachment":[{"href":"https:\/\/www.sudoestehoje.com.br\/novoportal\/wp-json\/wp\/v2\/media?parent=63051"}],"wp:term":[{"taxonomy":"category","embeddable":true,"href":"https:\/\/www.sudoestehoje.com.br\/novoportal\/wp-json\/wp\/v2\/categories?post=63051"},{"taxonomy":"post_tag","embeddable":true,"href":"https:\/\/www.sudoestehoje.com.br\/novoportal\/wp-json\/wp\/v2\/tags?post=63051"}],"curies":[{"name":"wp","href":"https:\/\/api.w.org\/{rel}","templated":true}]}}