
{"id":6304,"date":"2011-07-01T19:51:18","date_gmt":"2011-07-01T22:51:18","guid":{"rendered":"http:\/\/www.sudoestehoje.com.br\/novoportal\/?p=6304"},"modified":"2011-07-01T19:53:30","modified_gmt":"2011-07-01T22:53:30","slug":"terrorismo-de-quem","status":"publish","type":"post","link":"https:\/\/www.sudoestehoje.com.br\/novoportal\/2011\/07\/01\/terrorismo-de-quem\/","title":{"rendered":"TERRORISMO DE QUEM?"},"content":{"rendered":"<p><a href=\"http:\/\/www.google.com.br\/imgres?imgurl=http:\/\/www.exclusivo.com.br\/fotos\/16324.jpg&amp;imgrefurl=http:\/\/www.exclusivo.com.br\/Noticias\/56915\/Lideran%25C3%25A7as-pressionam-por-antidumping.eol&amp;usg=__52_k5Hnvd1Evg4DcflFXLFROqa8=&amp;h=196&amp;w=280&amp;sz=31&amp;hl=pt-BR&amp;start=35&amp;zoom=0&amp;um=1&amp;itbs=1&amp;tbnid=Idh-9Nd9ejbzZM:&amp;tbnh=80&amp;tbnw=114&amp;prev=\/search%3Fq%3Dpresidente%2Bda%2Bazaleia%26start%3D20%26um%3D1%26hl%3Dpt-BR%26sa%3DN%26rlz%3D1T4SKPB_pt-BRBR354BR359%26ndsp%3D20%26tbm%3Disch&amp;ei=KU0OTvvZOIiugQe-x_zyAw\"><img loading=\"lazy\" decoding=\"async\" src=\"http:\/\/www.exclusivo.com.br\/fotos\/16324.jpg\" alt=\"\" width=\"151\" height=\"103\" \/><\/a><\/p>\n<p>O prefeito Z\u00e9 Carlos, na sua aliena\u00e7\u00e3o cr\u00f4nica, continua falando besteiras na R\u00e1dio Laranjal,\u00a0acusando o Sudoeste Hoje e a oposi\u00e7\u00e3o de fazerem\u00a0 &#8220;terrorismo&#8221; em cima da crise da Azal\u00e9ia, que para ele n\u00e3o existe. Vejam o que disse o presidente da Vulcabr\u00e1s\/Azal\u00e9ia, ao CORREIO DA BAHIA, em mat\u00e9ria publicada hoje:<em> \u201cSe as autoridades brasileiras n\u00e3o mudarem a pol\u00edtica econ\u00f4mica, toda a ind\u00fastria de cal\u00e7ados vai acabar migrando para outros pa\u00edses e n\u00e3o seremos exce\u00e7\u00e3o\u201d,<\/em> admitiu ao CORREIO o presidente da Vulcabras\/Azaleia, Milton Cardoso, lembrando que v\u00e1rias empresas brasileiras j\u00e1 atuam em pa\u00edses da \u00c1sia e da Am\u00e9rica Central. Ser\u00e1 que \u00e9 &#8220;terrorismo&#8221; do presidente da Azal\u00e9ia?<\/p>\n","protected":false},"excerpt":{"rendered":"<p>O prefeito Z\u00e9 Carlos, na sua aliena\u00e7\u00e3o cr\u00f4nica, continua falando besteiras na R\u00e1dio Laranjal,\u00a0acusando o Sudoeste Hoje e a oposi\u00e7\u00e3o de fazerem\u00a0 &#8220;terrorismo&#8221; em cima da crise da Azal\u00e9ia, que para ele n\u00e3o existe. Vejam o que disse o presidente da Vulcabr\u00e1s\/Azal\u00e9ia, ao CORREIO DA BAHIA, em mat\u00e9ria publicada hoje: \u201cSe as autoridades brasileiras n\u00e3o [&hellip;]<\/p>\n","protected":false},"author":2,"featured_media":0,"comment_status":"open","ping_status":"open","sticky":false,"template":"","format":"standard","meta":{"footnotes":"","_links_to":"","_links_to_target":""},"categories":[11],"tags":[],"class_list":["post-6304","post","type-post","status-publish","format-standard","hentry","category-quentinhas"],"views":1047,"_links":{"self":[{"href":"https:\/\/www.sudoestehoje.com.br\/novoportal\/wp-json\/wp\/v2\/posts\/6304","targetHints":{"allow":["GET"]}}],"collection":[{"href":"https:\/\/www.sudoestehoje.com.br\/novoportal\/wp-json\/wp\/v2\/posts"}],"about":[{"href":"https:\/\/www.sudoestehoje.com.br\/novoportal\/wp-json\/wp\/v2\/types\/post"}],"author":[{"embeddable":true,"href":"https:\/\/www.sudoestehoje.com.br\/novoportal\/wp-json\/wp\/v2\/users\/2"}],"replies":[{"embeddable":true,"href":"https:\/\/www.sudoestehoje.com.br\/novoportal\/wp-json\/wp\/v2\/comments?post=6304"}],"version-history":[{"count":3,"href":"https:\/\/www.sudoestehoje.com.br\/novoportal\/wp-json\/wp\/v2\/posts\/6304\/revisions"}],"predecessor-version":[{"id":6306,"href":"https:\/\/www.sudoestehoje.com.br\/novoportal\/wp-json\/wp\/v2\/posts\/6304\/revisions\/6306"}],"wp:attachment":[{"href":"https:\/\/www.sudoestehoje.com.br\/novoportal\/wp-json\/wp\/v2\/media?parent=6304"}],"wp:term":[{"taxonomy":"category","embeddable":true,"href":"https:\/\/www.sudoestehoje.com.br\/novoportal\/wp-json\/wp\/v2\/categories?post=6304"},{"taxonomy":"post_tag","embeddable":true,"href":"https:\/\/www.sudoestehoje.com.br\/novoportal\/wp-json\/wp\/v2\/tags?post=6304"}],"curies":[{"name":"wp","href":"https:\/\/api.w.org\/{rel}","templated":true}]}}