
{"id":63036,"date":"2016-12-15T17:25:54","date_gmt":"2016-12-15T20:25:54","guid":{"rendered":"http:\/\/www.sudoestehoje.com.br\/novoportal\/?p=63036"},"modified":"2016-12-15T17:25:54","modified_gmt":"2016-12-15T20:25:54","slug":"bahia-justica-cassa-diplomacao-de-prefeita-e-vice-eleitos-na-cidade-de-prado","status":"publish","type":"post","link":"https:\/\/www.sudoestehoje.com.br\/novoportal\/2016\/12\/15\/bahia-justica-cassa-diplomacao-de-prefeita-e-vice-eleitos-na-cidade-de-prado\/","title":{"rendered":"BAHIA: JUSTI\u00c7A CASSA DIPLOMA\u00c7\u00c3O DE PREFEITA E VICE ELEITOS NA CIDADE DE PRADO"},"content":{"rendered":"<p><img loading=\"lazy\" decoding=\"async\" class=\"\" src=\"http:\/\/noticias.primeirojornal.com.br\/wp-content\/uploads\/2016\/12\/mayra_e_lindao-696x348.jpg\" width=\"500\" height=\"250\" \/><\/p>\n<p>A justi\u00e7a cassou o diploma da prefeita eleita nas \u00faltimas elei\u00e7\u00f5es municipais de Prado, cidade do Extremo Sul da Bahia. A senten\u00e7a foi divulgada na tarde desta quinta-feira (15), a menos de 24 horas da cerim\u00f4nia de diploma\u00e7\u00e3o, prevista para \u00e0s 10h00 da manh\u00e3 desta sexta-feira (16).<\/p>\n<p>O juiz eleitoral, Dr. Leonardo Coelho, da 112\u00aa Zona Eleitoral, acolheu a den\u00fancia apresentada na A\u00e7\u00e3o de Investiga\u00e7\u00e3o Judicial Eleitoral (AIJE) N.\u00ba 0000491-11.2016.6.05.0112, formulada contra a chapa majorit\u00e1ria da coliga\u00e7\u00e3o \u2018Prado no rumo certo\u2019, cujos candidatos foram Mayra Brito (prefeita reeleita) e de Maur\u00edcio Xavier, o conhecido \u2018Lind\u00e3o\u2019 (vice-prefeito).<\/p>\n<p>Em sua senten\u00e7a, a justi\u00e7a eleitoral reconheceu a infra\u00e7\u00e3o eleitoral de abuso de poder pol\u00edtico e econ\u00f4mico, condenando a prefeita e seu vice \u00e0 perda dos direitos pol\u00edticos pelo per\u00edodo por oito anos, e cassou os diplomas conferidos pela justi\u00e7a eleitoral, em vista do resultado do pleito ocorrido no dia 02 de outubro de 2016. Cabe recurso da decis\u00e3o.<\/p>\n<p><img loading=\"lazy\" decoding=\"async\" class=\"\" src=\"https:\/\/scontent-grt2-1.xx.fbcdn.net\/v\/t1.0-9\/15541328_1890950167802531_6123190081707574953_n.png?oh=4446cdbf0e371fa39eebbb10f31b729c&amp;oe=58B7D930\" width=\"500\" height=\"190\" \/><\/p>\n","protected":false},"excerpt":{"rendered":"<p>A justi\u00e7a cassou o diploma da prefeita eleita nas \u00faltimas elei\u00e7\u00f5es municipais de Prado, cidade do Extremo Sul da Bahia. A senten\u00e7a foi divulgada na tarde desta quinta-feira (15), a menos de 24 horas da cerim\u00f4nia de diploma\u00e7\u00e3o, prevista para \u00e0s 10h00 da manh\u00e3 desta sexta-feira (16). O juiz eleitoral, Dr. Leonardo Coelho, da 112\u00aa [&hellip;]<\/p>\n","protected":false},"author":2,"featured_media":0,"comment_status":"open","ping_status":"open","sticky":false,"template":"","format":"standard","meta":{"footnotes":"","_links_to":"","_links_to_target":""},"categories":[1],"tags":[],"class_list":["post-63036","post","type-post","status-publish","format-standard","hentry","category-geral"],"views":2204,"_links":{"self":[{"href":"https:\/\/www.sudoestehoje.com.br\/novoportal\/wp-json\/wp\/v2\/posts\/63036","targetHints":{"allow":["GET"]}}],"collection":[{"href":"https:\/\/www.sudoestehoje.com.br\/novoportal\/wp-json\/wp\/v2\/posts"}],"about":[{"href":"https:\/\/www.sudoestehoje.com.br\/novoportal\/wp-json\/wp\/v2\/types\/post"}],"author":[{"embeddable":true,"href":"https:\/\/www.sudoestehoje.com.br\/novoportal\/wp-json\/wp\/v2\/users\/2"}],"replies":[{"embeddable":true,"href":"https:\/\/www.sudoestehoje.com.br\/novoportal\/wp-json\/wp\/v2\/comments?post=63036"}],"version-history":[{"count":3,"href":"https:\/\/www.sudoestehoje.com.br\/novoportal\/wp-json\/wp\/v2\/posts\/63036\/revisions"}],"predecessor-version":[{"id":63039,"href":"https:\/\/www.sudoestehoje.com.br\/novoportal\/wp-json\/wp\/v2\/posts\/63036\/revisions\/63039"}],"wp:attachment":[{"href":"https:\/\/www.sudoestehoje.com.br\/novoportal\/wp-json\/wp\/v2\/media?parent=63036"}],"wp:term":[{"taxonomy":"category","embeddable":true,"href":"https:\/\/www.sudoestehoje.com.br\/novoportal\/wp-json\/wp\/v2\/categories?post=63036"},{"taxonomy":"post_tag","embeddable":true,"href":"https:\/\/www.sudoestehoje.com.br\/novoportal\/wp-json\/wp\/v2\/tags?post=63036"}],"curies":[{"name":"wp","href":"https:\/\/api.w.org\/{rel}","templated":true}]}}