
{"id":63034,"date":"2016-12-15T13:27:43","date_gmt":"2016-12-15T16:27:43","guid":{"rendered":"http:\/\/www.sudoestehoje.com.br\/novoportal\/?p=63034"},"modified":"2016-12-15T13:27:43","modified_gmt":"2016-12-15T16:27:43","slug":"brasil-policia-federal-prende-12-dos-15-vereadores-de-foz-do-iguacu","status":"publish","type":"post","link":"https:\/\/www.sudoestehoje.com.br\/novoportal\/2016\/12\/15\/brasil-policia-federal-prende-12-dos-15-vereadores-de-foz-do-iguacu\/","title":{"rendered":"BRASIL: POL\u00cdCIA FEDERAL PRENDE 12 DOS 15 VEREADORES DE FOZ DO IGUA\u00c7U"},"content":{"rendered":"<p><img loading=\"lazy\" decoding=\"async\" class=\"\" src=\"https:\/\/abrilexame.files.wordpress.com\/2016\/12\/1993_1-e1481803265180.jpg?quality=70&amp;strip=all&amp;w=680&amp;h=453&amp;crop=1\" alt=\"Vereadores em C\u00e2mara Municipal de Foz do Igua\u00e7u em 13\/12\/2016\" width=\"500\" height=\"333\" \/><\/p>\n<p>Doze dos 15 vereadores da C\u00e2mara de Foz do Igua\u00e7u foram presos hoje (15) durante opera\u00e7\u00e3o da <strong><a href=\"http:\/\/exame.abril.com.br\/noticias-sobre\/policia-federal\/\">Pol\u00edcia Federal (PF)<\/a><\/strong>. Dez foram presos preventivamente e dois receberam ordem de pris\u00e3o tempor\u00e1ria.\u00a0A a\u00e7\u00e3o tem por objetivo desarticular um grupo criminoso que desviava recursos p\u00fablicos.<\/p>\n<p>De acordo com a PF, s\u00f3 com algumas obras de pavimenta\u00e7\u00e3o no munic\u00edpio foram constatados preju\u00edzos de quase R$ 4,5 milh\u00f5es. As ordens judiciais foram expedidas pela 3\u00aa Vara da Justi\u00e7a Federal de Foz do Igua\u00e7u.<\/p>\n<p>A opera\u00e7\u00e3o envolve cerca de 150 policiais federais. Eles est\u00e3o cumprindo 78 mandados judiciais, sendo 20 de pris\u00e3o preventiva, oito de pris\u00e3o tempor\u00e1ria, 11 de condu\u00e7\u00e3o coercitiva (quando a pessoa \u00e9 levada para depor e depois \u00e9 liberada), e 39 de busca e apreens\u00e3o.<\/p>\n<p>As buscas est\u00e3o sendo feitas em resid\u00eancias e locais de trabalho dos investigados e em empresas supostamente ligadas ao grupo criminoso, nas cidades de Foz do Igua\u00e7u, Curitiba, Cascavel, Maring\u00e1, Pato Branco, no Recife e em Bras\u00edlia.<\/p>\n","protected":false},"excerpt":{"rendered":"<p>Doze dos 15 vereadores da C\u00e2mara de Foz do Igua\u00e7u foram presos hoje (15) durante opera\u00e7\u00e3o da Pol\u00edcia Federal (PF). Dez foram presos preventivamente e dois receberam ordem de pris\u00e3o tempor\u00e1ria.\u00a0A a\u00e7\u00e3o tem por objetivo desarticular um grupo criminoso que desviava recursos p\u00fablicos. De acordo com a PF, s\u00f3 com algumas obras de pavimenta\u00e7\u00e3o no [&hellip;]<\/p>\n","protected":false},"author":2,"featured_media":0,"comment_status":"open","ping_status":"open","sticky":false,"template":"","format":"standard","meta":{"footnotes":"","_links_to":"","_links_to_target":""},"categories":[1],"tags":[],"class_list":["post-63034","post","type-post","status-publish","format-standard","hentry","category-geral"],"views":1260,"_links":{"self":[{"href":"https:\/\/www.sudoestehoje.com.br\/novoportal\/wp-json\/wp\/v2\/posts\/63034","targetHints":{"allow":["GET"]}}],"collection":[{"href":"https:\/\/www.sudoestehoje.com.br\/novoportal\/wp-json\/wp\/v2\/posts"}],"about":[{"href":"https:\/\/www.sudoestehoje.com.br\/novoportal\/wp-json\/wp\/v2\/types\/post"}],"author":[{"embeddable":true,"href":"https:\/\/www.sudoestehoje.com.br\/novoportal\/wp-json\/wp\/v2\/users\/2"}],"replies":[{"embeddable":true,"href":"https:\/\/www.sudoestehoje.com.br\/novoportal\/wp-json\/wp\/v2\/comments?post=63034"}],"version-history":[{"count":1,"href":"https:\/\/www.sudoestehoje.com.br\/novoportal\/wp-json\/wp\/v2\/posts\/63034\/revisions"}],"predecessor-version":[{"id":63035,"href":"https:\/\/www.sudoestehoje.com.br\/novoportal\/wp-json\/wp\/v2\/posts\/63034\/revisions\/63035"}],"wp:attachment":[{"href":"https:\/\/www.sudoestehoje.com.br\/novoportal\/wp-json\/wp\/v2\/media?parent=63034"}],"wp:term":[{"taxonomy":"category","embeddable":true,"href":"https:\/\/www.sudoestehoje.com.br\/novoportal\/wp-json\/wp\/v2\/categories?post=63034"},{"taxonomy":"post_tag","embeddable":true,"href":"https:\/\/www.sudoestehoje.com.br\/novoportal\/wp-json\/wp\/v2\/tags?post=63034"}],"curies":[{"name":"wp","href":"https:\/\/api.w.org\/{rel}","templated":true}]}}