
{"id":63031,"date":"2016-12-15T13:20:42","date_gmt":"2016-12-15T16:20:42","guid":{"rendered":"http:\/\/www.sudoestehoje.com.br\/novoportal\/?p=63031"},"modified":"2016-12-15T13:20:42","modified_gmt":"2016-12-15T16:20:42","slug":"professores-da-uesb-encerram-greve-apos-aprovacao-da-pec-55-no-senado","status":"publish","type":"post","link":"https:\/\/www.sudoestehoje.com.br\/novoportal\/2016\/12\/15\/professores-da-uesb-encerram-greve-apos-aprovacao-da-pec-55-no-senado\/","title":{"rendered":"PROFESSORES DA UESB ENCERRAM GREVE AP\u00d3S APROVA\u00c7\u00c3O DA PEC 55 NO SENADO"},"content":{"rendered":"<p><a href=\"http:\/\/www.sudoestehoje.com.br\/novoportal\/wp-content\/uploads\/2016\/12\/greve.jpg\"><img loading=\"lazy\" decoding=\"async\" class=\"aligncenter size-medium wp-image-63032\" src=\"http:\/\/www.sudoestehoje.com.br\/novoportal\/wp-content\/uploads\/2016\/12\/greve-500x334.jpg\" alt=\"greve\" width=\"500\" height=\"334\" srcset=\"https:\/\/www.sudoestehoje.com.br\/novoportal\/wp-content\/uploads\/2016\/12\/greve-500x334.jpg 500w, https:\/\/www.sudoestehoje.com.br\/novoportal\/wp-content\/uploads\/2016\/12\/greve.jpg 640w\" sizes=\"auto, (max-width: 500px) 100vw, 500px\" \/><\/a><\/p>\n<p>Em assembleia, realizada na manh\u00e3 desta quinta-feira (15), os professores da Uesb decidiram por encerrar a greve docente que come\u00e7ou no dia 28 de novembro, que reivindicava contra PEC 55, a reforma do ensino m\u00e9dio e congelamento de sal\u00e1rios. A decis\u00e3o do fim da greve foi dada pelo Comando de Greve Local e tamb\u00e9m nacional.<\/p>\n<p>A categoria docente avaliou que a greve cumpriu importante papel nesse atual movimento pol\u00edtico nacional. Mesmo com a aprova\u00e7\u00e3o da PEC que limita o teto de gatos do governo, os professores defendem que a luta dever\u00e1 ser mantida e ampliada.<\/p>\n<p>A assembleia deflagrou estado de mobiliza\u00e7\u00e3o permanente e ir\u00e1 reunir esfor\u00e7os para rearticular o F\u00f3rum Sindical e Popular no sudoeste da Bahia. A Associa\u00e7\u00e3o dos Docentes da Universidade Estadual do Sudoeste da Bahia (Adusb) ainda comunicou a comunidade acad\u00eamica que, com o fim da greve, os professores est\u00e3o \u00e0 disposi\u00e7\u00e3o para o retorno de suas atividades letivas e aguardam a convoca\u00e7\u00e3o do Conselho de Ensino, Pesquisa e Extens\u00e3o (CONSEPE) da Universidade para discuss\u00e3o do calend\u00e1rio letivo.<\/p>\n","protected":false},"excerpt":{"rendered":"<p>Em assembleia, realizada na manh\u00e3 desta quinta-feira (15), os professores da Uesb decidiram por encerrar a greve docente que come\u00e7ou no dia 28 de novembro, que reivindicava contra PEC 55, a reforma do ensino m\u00e9dio e congelamento de sal\u00e1rios. A decis\u00e3o do fim da greve foi dada pelo Comando de Greve Local e tamb\u00e9m nacional. [&hellip;]<\/p>\n","protected":false},"author":2,"featured_media":63032,"comment_status":"open","ping_status":"open","sticky":false,"template":"","format":"standard","meta":{"footnotes":"","_links_to":"","_links_to_target":""},"categories":[1],"tags":[],"class_list":["post-63031","post","type-post","status-publish","format-standard","has-post-thumbnail","hentry","category-geral"],"views":1275,"_links":{"self":[{"href":"https:\/\/www.sudoestehoje.com.br\/novoportal\/wp-json\/wp\/v2\/posts\/63031","targetHints":{"allow":["GET"]}}],"collection":[{"href":"https:\/\/www.sudoestehoje.com.br\/novoportal\/wp-json\/wp\/v2\/posts"}],"about":[{"href":"https:\/\/www.sudoestehoje.com.br\/novoportal\/wp-json\/wp\/v2\/types\/post"}],"author":[{"embeddable":true,"href":"https:\/\/www.sudoestehoje.com.br\/novoportal\/wp-json\/wp\/v2\/users\/2"}],"replies":[{"embeddable":true,"href":"https:\/\/www.sudoestehoje.com.br\/novoportal\/wp-json\/wp\/v2\/comments?post=63031"}],"version-history":[{"count":1,"href":"https:\/\/www.sudoestehoje.com.br\/novoportal\/wp-json\/wp\/v2\/posts\/63031\/revisions"}],"predecessor-version":[{"id":63033,"href":"https:\/\/www.sudoestehoje.com.br\/novoportal\/wp-json\/wp\/v2\/posts\/63031\/revisions\/63033"}],"wp:featuredmedia":[{"embeddable":true,"href":"https:\/\/www.sudoestehoje.com.br\/novoportal\/wp-json\/wp\/v2\/media\/63032"}],"wp:attachment":[{"href":"https:\/\/www.sudoestehoje.com.br\/novoportal\/wp-json\/wp\/v2\/media?parent=63031"}],"wp:term":[{"taxonomy":"category","embeddable":true,"href":"https:\/\/www.sudoestehoje.com.br\/novoportal\/wp-json\/wp\/v2\/categories?post=63031"},{"taxonomy":"post_tag","embeddable":true,"href":"https:\/\/www.sudoestehoje.com.br\/novoportal\/wp-json\/wp\/v2\/tags?post=63031"}],"curies":[{"name":"wp","href":"https:\/\/api.w.org\/{rel}","templated":true}]}}