
{"id":62978,"date":"2016-12-14T08:08:19","date_gmt":"2016-12-14T11:08:19","guid":{"rendered":"http:\/\/www.sudoestehoje.com.br\/novoportal\/?p=62978"},"modified":"2016-12-14T08:08:19","modified_gmt":"2016-12-14T11:08:19","slug":"itapetinga-alameda-foi-invadida-por-ambulantes-e-esta-virando-feira-livre","status":"publish","type":"post","link":"https:\/\/www.sudoestehoje.com.br\/novoportal\/2016\/12\/14\/itapetinga-alameda-foi-invadida-por-ambulantes-e-esta-virando-feira-livre\/","title":{"rendered":"ITAPETINGA: ALAMEDA FOI INVADIDA POR AMBULANTES E EST\u00c1 VIRANDO FEIRA LIVRE"},"content":{"rendered":"<p><img loading=\"lazy\" decoding=\"async\" class=\"\" src=\"https:\/\/scontent-grt2-1.xx.fbcdn.net\/v\/t1.0-9\/15401009_1213065778784821_9133943335439130969_n.jpg?oh=19d2c6b7d1c8334802e11f1b2fcf8bb6&amp;oe=58B0D631\" alt=\"A imagem pode conter: 1 pessoa, em p\u00e9, andando e atividades ao ar livre\" width=\"500\" height=\"300\" \/><\/p>\n<p>A ocupa\u00e7\u00e3o irregular da Alameda Rui Barbosa, que j\u00e1 vinha ocorrendo ao longo da administra\u00e7\u00e3o do prefeito Z\u00e9 Carlos, se agravou neste final de governo, causando transtornos aos pedestres e preju\u00edzos aos comerciantes.<\/p>\n<p><img loading=\"lazy\" decoding=\"async\" class=\"\" src=\"https:\/\/scontent-grt2-1.xx.fbcdn.net\/v\/t1.0-9\/15420866_1213065685451497_4857904299358578649_n.jpg?oh=ef244d999cfafc4db8df2fd6816b0515&amp;oe=58E87E40\" alt=\"A imagem pode conter: uma ou mais pessoas e atividades ao ar livre\" width=\"500\" height=\"300\" \/><\/p>\n<p>Nesta ter\u00e7a-feira, a bagun\u00e7a foi assustadora, com uma verdadeira invas\u00e3o por ambulantes, verdureiros, mendigos, hippies e toda a esp\u00e9cie de vendedores sem autoriza\u00e7\u00e3o, o que deu \u00e0 Alameda o aspecto de uma verdadeira feira.<\/p>\n<p><img loading=\"lazy\" decoding=\"async\" class=\"\" src=\"https:\/\/scontent-grt2-1.xx.fbcdn.net\/v\/t1.0-9\/15420912_1213065705451495_1083370117242985699_n.jpg?oh=ee3d43d716722470ee293991013be7bb&amp;oe=58FA941F\" alt=\"A imagem pode conter: uma ou mais pessoas, pessoas em p\u00e9 e atividades ao ar livre\" width=\"500\" height=\"300\" \/><\/p>\n<p>O descaso da prefeitura em rela\u00e7\u00e3o ao com\u00e9rcio informal no centro de Itapetinga \u00e9 injustific\u00e1vel, o que demonstra o desgoverno em que vive a cidade, sob o comando de um prefeito &#8216;boca aberta&#8217; e uma equipe irrespons\u00e1vel e incompetente.<\/p>\n<p><img loading=\"lazy\" decoding=\"async\" class=\"\" src=\"https:\/\/scontent-grt2-1.xx.fbcdn.net\/v\/t1.0-9\/15542019_1213065725451493_5787866381359363306_n.jpg?oh=45781dbd4d1a3284032bb42c379593c3&amp;oe=58BB26BD\" alt=\"A imagem pode conter: uma ou mais pessoas, pessoas andando e atividades ao ar livre\" width=\"500\" height=\"300\" \/><\/p>\n<p>As atividades informais s\u00e3o fonte de renda importantes nesta \u00e9poca de desemprego em que vivemos, mas o ordenamento \u00e9 indispens\u00e1vel, para que o caos e a bagun\u00e7a n\u00e3o prosperem. O novo prefeito vai ter que se virar, para dar jeito na bagun\u00e7a do seu antecessor.<\/p>\n<p><strong><em>Por Davi Ferraz<\/em><\/strong><\/p>\n","protected":false},"excerpt":{"rendered":"<p>A ocupa\u00e7\u00e3o irregular da Alameda Rui Barbosa, que j\u00e1 vinha ocorrendo ao longo da administra\u00e7\u00e3o do prefeito Z\u00e9 Carlos, se agravou neste final de governo, causando transtornos aos pedestres e preju\u00edzos aos comerciantes. Nesta ter\u00e7a-feira, a bagun\u00e7a foi assustadora, com uma verdadeira invas\u00e3o por ambulantes, verdureiros, mendigos, hippies e toda a esp\u00e9cie de vendedores sem [&hellip;]<\/p>\n","protected":false},"author":2,"featured_media":0,"comment_status":"open","ping_status":"open","sticky":false,"template":"","format":"standard","meta":{"footnotes":"","_links_to":"","_links_to_target":""},"categories":[1],"tags":[],"class_list":["post-62978","post","type-post","status-publish","format-standard","hentry","category-geral"],"views":2912,"_links":{"self":[{"href":"https:\/\/www.sudoestehoje.com.br\/novoportal\/wp-json\/wp\/v2\/posts\/62978","targetHints":{"allow":["GET"]}}],"collection":[{"href":"https:\/\/www.sudoestehoje.com.br\/novoportal\/wp-json\/wp\/v2\/posts"}],"about":[{"href":"https:\/\/www.sudoestehoje.com.br\/novoportal\/wp-json\/wp\/v2\/types\/post"}],"author":[{"embeddable":true,"href":"https:\/\/www.sudoestehoje.com.br\/novoportal\/wp-json\/wp\/v2\/users\/2"}],"replies":[{"embeddable":true,"href":"https:\/\/www.sudoestehoje.com.br\/novoportal\/wp-json\/wp\/v2\/comments?post=62978"}],"version-history":[{"count":4,"href":"https:\/\/www.sudoestehoje.com.br\/novoportal\/wp-json\/wp\/v2\/posts\/62978\/revisions"}],"predecessor-version":[{"id":62982,"href":"https:\/\/www.sudoestehoje.com.br\/novoportal\/wp-json\/wp\/v2\/posts\/62978\/revisions\/62982"}],"wp:attachment":[{"href":"https:\/\/www.sudoestehoje.com.br\/novoportal\/wp-json\/wp\/v2\/media?parent=62978"}],"wp:term":[{"taxonomy":"category","embeddable":true,"href":"https:\/\/www.sudoestehoje.com.br\/novoportal\/wp-json\/wp\/v2\/categories?post=62978"},{"taxonomy":"post_tag","embeddable":true,"href":"https:\/\/www.sudoestehoje.com.br\/novoportal\/wp-json\/wp\/v2\/tags?post=62978"}],"curies":[{"name":"wp","href":"https:\/\/api.w.org\/{rel}","templated":true}]}}