
{"id":62963,"date":"2016-12-13T13:51:19","date_gmt":"2016-12-13T16:51:19","guid":{"rendered":"http:\/\/www.sudoestehoje.com.br\/novoportal\/?p=62963"},"modified":"2016-12-13T13:51:19","modified_gmt":"2016-12-13T16:51:19","slug":"brasilia-senado-aprova-pec-que-limita-gastos-publicos-em-segundo-turno","status":"publish","type":"post","link":"https:\/\/www.sudoestehoje.com.br\/novoportal\/2016\/12\/13\/brasilia-senado-aprova-pec-que-limita-gastos-publicos-em-segundo-turno\/","title":{"rendered":"BRASILIA: SENADO APROVA PEC QUE LIMITA GASTOS P\u00daBLICOS EM SEGUNDO TURNO"},"content":{"rendered":"<p><a href=\"http:\/\/www.sudoestehoje.com.br\/novoportal\/wp-content\/uploads\/2016\/12\/PEC-55.jpg\"><img loading=\"lazy\" decoding=\"async\" class=\"size-medium wp-image-62964\" src=\"http:\/\/www.sudoestehoje.com.br\/novoportal\/wp-content\/uploads\/2016\/12\/PEC-55-500x333.jpg\" alt=\"Plen\u00e1rio do Senado durante sess\u00e3o deliberativa ordin\u00e1ria. Mesa: presidente do Senado Federal senador Renan Calheiros (PMDB-AL); senador Ata\u00eddes Oliveira (PSDB-TO); senador Randolfe Rodrigues (Rede-AP). Foto: Jonas Pereira\/Ag\u00eancia Senado\" width=\"500\" height=\"333\" srcset=\"https:\/\/www.sudoestehoje.com.br\/novoportal\/wp-content\/uploads\/2016\/12\/PEC-55-500x333.jpg 500w, https:\/\/www.sudoestehoje.com.br\/novoportal\/wp-content\/uploads\/2016\/12\/PEC-55.jpg 586w\" sizes=\"auto, (max-width: 500px) 100vw, 500px\" \/><\/a><\/p>\n<p>Por\u00a053 votos a 16, o <a href=\"http:\/\/exame.abril.com.br\/topicos\/senado\" target=\"_blank\"><strong>Senado<\/strong> <\/a>aprovou nesta ter\u00e7a-feira (13), em segundo turno, a Proposta de Emenda \u00e0 Constitui\u00e7\u00e3o (<strong>PEC<\/strong>) que estabelece um teto para os gastos p\u00fablicos pelos pr\u00f3ximos 20 anos. Como j\u00e1 foi aprovada pela C\u00e2mara, a <strong><a href=\"http:\/\/exame.abril.com.br\/topicos\/pec-241\" target=\"_blank\">PEC do Teto<\/a><\/strong> deve ser promulgada na pr\u00f3xima quinta-feira.<\/p>\n<p>Para a sess\u00e3o de hoje, a expectativa do\u00a0governo era de pelo menos 60 votos favor\u00e1veis \u00e0 medida. Mas o\u00a0resultado foi menos expressivo do que a an\u00e1lise em primeiro turno no Senado, quando o texto foi aprovado com 61 votos a 14.<\/p>\n<p>Uma das raz\u00f5es para isso \u00e9 que\u00a0o qu\u00f3rum no plen\u00e1rio do Senado nesta ter\u00e7a foi menor \u2013 alguns senadores pensaram que a sess\u00e3o seria suspensa para almo\u00e7o. Al\u00e9m disso, a oposi\u00e7\u00e3o conseguiu dois votos a mais do que na primeira vota\u00e7\u00e3o.<\/p>\n<p><img decoding=\"async\" src=\"http:\/\/www.sudoestehoje.com.br\/novoportal\/wp-content\/uploads\/2015\/10\/SERVLAR-BANNER-500x178.jpg\" alt=\"Resultado de imagem para servlar itapetinga\" \/><\/p>\n<p>&nbsp;<\/p>\n","protected":false},"excerpt":{"rendered":"<p>Por\u00a053 votos a 16, o Senado aprovou nesta ter\u00e7a-feira (13), em segundo turno, a Proposta de Emenda \u00e0 Constitui\u00e7\u00e3o (PEC) que estabelece um teto para os gastos p\u00fablicos pelos pr\u00f3ximos 20 anos. Como j\u00e1 foi aprovada pela C\u00e2mara, a PEC do Teto deve ser promulgada na pr\u00f3xima quinta-feira. Para a sess\u00e3o de hoje, a expectativa [&hellip;]<\/p>\n","protected":false},"author":2,"featured_media":62964,"comment_status":"open","ping_status":"open","sticky":false,"template":"","format":"standard","meta":{"footnotes":"","_links_to":"","_links_to_target":""},"categories":[1],"tags":[],"class_list":["post-62963","post","type-post","status-publish","format-standard","has-post-thumbnail","hentry","category-geral"],"views":1170,"_links":{"self":[{"href":"https:\/\/www.sudoestehoje.com.br\/novoportal\/wp-json\/wp\/v2\/posts\/62963","targetHints":{"allow":["GET"]}}],"collection":[{"href":"https:\/\/www.sudoestehoje.com.br\/novoportal\/wp-json\/wp\/v2\/posts"}],"about":[{"href":"https:\/\/www.sudoestehoje.com.br\/novoportal\/wp-json\/wp\/v2\/types\/post"}],"author":[{"embeddable":true,"href":"https:\/\/www.sudoestehoje.com.br\/novoportal\/wp-json\/wp\/v2\/users\/2"}],"replies":[{"embeddable":true,"href":"https:\/\/www.sudoestehoje.com.br\/novoportal\/wp-json\/wp\/v2\/comments?post=62963"}],"version-history":[{"count":2,"href":"https:\/\/www.sudoestehoje.com.br\/novoportal\/wp-json\/wp\/v2\/posts\/62963\/revisions"}],"predecessor-version":[{"id":62968,"href":"https:\/\/www.sudoestehoje.com.br\/novoportal\/wp-json\/wp\/v2\/posts\/62963\/revisions\/62968"}],"wp:featuredmedia":[{"embeddable":true,"href":"https:\/\/www.sudoestehoje.com.br\/novoportal\/wp-json\/wp\/v2\/media\/62964"}],"wp:attachment":[{"href":"https:\/\/www.sudoestehoje.com.br\/novoportal\/wp-json\/wp\/v2\/media?parent=62963"}],"wp:term":[{"taxonomy":"category","embeddable":true,"href":"https:\/\/www.sudoestehoje.com.br\/novoportal\/wp-json\/wp\/v2\/categories?post=62963"},{"taxonomy":"post_tag","embeddable":true,"href":"https:\/\/www.sudoestehoje.com.br\/novoportal\/wp-json\/wp\/v2\/tags?post=62963"}],"curies":[{"name":"wp","href":"https:\/\/api.w.org\/{rel}","templated":true}]}}