
{"id":62960,"date":"2016-12-13T13:07:31","date_gmt":"2016-12-13T16:07:31","guid":{"rendered":"http:\/\/www.sudoestehoje.com.br\/novoportal\/?p=62960"},"modified":"2016-12-13T13:07:31","modified_gmt":"2016-12-13T16:07:31","slug":"itororo-prefeito-eleito-adauto-almeida-vice-paulo-rios-e-vereadores-sao-diplomados","status":"publish","type":"post","link":"https:\/\/www.sudoestehoje.com.br\/novoportal\/2016\/12\/13\/itororo-prefeito-eleito-adauto-almeida-vice-paulo-rios-e-vereadores-sao-diplomados\/","title":{"rendered":"ITOROR\u00d3: PREFEITO ELEITO ADAUTO ALMEIDA, VICE PAULO RIOS E VEREADORES S\u00c3O DIPLOMADOS"},"content":{"rendered":"<p><img loading=\"lazy\" decoding=\"async\" class=\"\" src=\"http:\/\/www.itororoja.com.br\/wp-content\/uploads\/2016\/12\/Adauto-Empossado.jpg\" alt=\".\" width=\"500\" height=\"383\" \/><\/p>\n<p>Foi realizada no F\u00f3rum Durval Fraga nesta ter\u00e7a-feira, 13, pelo Juiz Eleitoral da Comarca de Itoror\u00f3, Dr. Rojas Sanches, a solenidade de diploma\u00e7\u00e3o do prefeito eleito Adauto Oliveira, do vice-prefeito Paulo Rios e dos onze vereadores que ocupar\u00e3o as cadeiras da C\u00e2mara Municipal a partir de 1\u00ba de janeiro de 2017.<\/p>\n<p>Entre os vereadores diplomados est\u00e3o: Marcio Leandro Pires Miranda PSDB (L\u00e9o G\u00e1s), Valfrido Miranda PT, Jonatas Dayan Lisboa dos Santos DEM (Jonatas da Coelba), Cosme Jose dos Santos PMDB (C\u00f3), Liliana Cardoso Gomes Machado PSDB (Liana), Edilson Silva de Carvalho PMDB (Dilson), Jo\u00e3o Dawison de Oliveira PMDB (Sergipe), Andrea Figueiredo Pereira PSDB, Renilda Vidal dos Santos PMDB (Renilda da Cabana), Robelia Santos Barros PSL (Bela Guerreira), Clecione Lima Gon\u00e7alves PSDB (Professor Clecione).\u00a0A popula\u00e7\u00e3o compareceu ao ato de Diploma\u00e7\u00e3o. \/\/Informa\u00e7\u00f5es do <em>Blog Itoror\u00f3 J\u00e1<\/em><\/p>\n<p><img decoding=\"async\" src=\"http:\/\/www.sudoestehoje.com.br\/novoportal\/wp-content\/uploads\/2014\/09\/supermoda.png\" alt=\"supermoda\" \/><\/p>\n","protected":false},"excerpt":{"rendered":"<p>Foi realizada no F\u00f3rum Durval Fraga nesta ter\u00e7a-feira, 13, pelo Juiz Eleitoral da Comarca de Itoror\u00f3, Dr. Rojas Sanches, a solenidade de diploma\u00e7\u00e3o do prefeito eleito Adauto Oliveira, do vice-prefeito Paulo Rios e dos onze vereadores que ocupar\u00e3o as cadeiras da C\u00e2mara Municipal a partir de 1\u00ba de janeiro de 2017. Entre os vereadores diplomados [&hellip;]<\/p>\n","protected":false},"author":2,"featured_media":0,"comment_status":"open","ping_status":"open","sticky":false,"template":"","format":"standard","meta":{"footnotes":"","_links_to":"","_links_to_target":""},"categories":[1],"tags":[],"class_list":["post-62960","post","type-post","status-publish","format-standard","hentry","category-geral"],"views":1313,"_links":{"self":[{"href":"https:\/\/www.sudoestehoje.com.br\/novoportal\/wp-json\/wp\/v2\/posts\/62960","targetHints":{"allow":["GET"]}}],"collection":[{"href":"https:\/\/www.sudoestehoje.com.br\/novoportal\/wp-json\/wp\/v2\/posts"}],"about":[{"href":"https:\/\/www.sudoestehoje.com.br\/novoportal\/wp-json\/wp\/v2\/types\/post"}],"author":[{"embeddable":true,"href":"https:\/\/www.sudoestehoje.com.br\/novoportal\/wp-json\/wp\/v2\/users\/2"}],"replies":[{"embeddable":true,"href":"https:\/\/www.sudoestehoje.com.br\/novoportal\/wp-json\/wp\/v2\/comments?post=62960"}],"version-history":[{"count":2,"href":"https:\/\/www.sudoestehoje.com.br\/novoportal\/wp-json\/wp\/v2\/posts\/62960\/revisions"}],"predecessor-version":[{"id":62962,"href":"https:\/\/www.sudoestehoje.com.br\/novoportal\/wp-json\/wp\/v2\/posts\/62960\/revisions\/62962"}],"wp:attachment":[{"href":"https:\/\/www.sudoestehoje.com.br\/novoportal\/wp-json\/wp\/v2\/media?parent=62960"}],"wp:term":[{"taxonomy":"category","embeddable":true,"href":"https:\/\/www.sudoestehoje.com.br\/novoportal\/wp-json\/wp\/v2\/categories?post=62960"},{"taxonomy":"post_tag","embeddable":true,"href":"https:\/\/www.sudoestehoje.com.br\/novoportal\/wp-json\/wp\/v2\/tags?post=62960"}],"curies":[{"name":"wp","href":"https:\/\/api.w.org\/{rel}","templated":true}]}}