
{"id":62953,"date":"2016-12-12T22:19:47","date_gmt":"2016-12-13T01:19:47","guid":{"rendered":"http:\/\/www.sudoestehoje.com.br\/novoportal\/?p=62953"},"modified":"2016-12-12T22:19:47","modified_gmt":"2016-12-13T01:19:47","slug":"regiao-chuvas-fortes-voltam-a-alagar-ruas-de-vitoria-da-conquista","status":"publish","type":"post","link":"https:\/\/www.sudoestehoje.com.br\/novoportal\/2016\/12\/12\/regiao-chuvas-fortes-voltam-a-alagar-ruas-de-vitoria-da-conquista\/","title":{"rendered":"REGI\u00c3O: CHUVAS FORTES VOLTAM A ALAGAR RUAS DE VIT\u00d3RIA DA CONQUISTA"},"content":{"rendered":"<p><a href=\"http:\/\/www.sudoestehoje.com.br\/novoportal\/wp-content\/uploads\/2016\/12\/CHUVA-CONQ.jpg\"><img loading=\"lazy\" decoding=\"async\" class=\"aligncenter  wp-image-62954\" src=\"http:\/\/www.sudoestehoje.com.br\/novoportal\/wp-content\/uploads\/2016\/12\/CHUVA-CONQ.jpg\" alt=\"chuva-conq\" width=\"500\" height=\"377\" \/><\/a><\/p>\n<p>A chuva de ver\u00e3o voltou a causar estragos em Vit\u00f3ria da Conquista, nesta segunda-feira (12). A chuva durou cerca de duas horas, o suficiente para alagar ruas, invadir lojas e arrastar carros e cont\u00eaineres. A Defesa Civil ainda n\u00e3o divulgou o volume de chuva que caiu sobre a cidade.<\/p>\n<p><img loading=\"lazy\" decoding=\"async\" class=\"\" src=\"https:\/\/scontent-grt2-1.xx.fbcdn.net\/v\/t1.0-9\/15439994_1211608042263928_6226129220981765155_n.jpg?oh=4dc384404803b0927de32961d61c50e0&amp;oe=58B0D814\" width=\"500\" height=\"281\" \/><\/p>\n<p>Na rua Ascendino Melo, no Centro, dois ve\u00edculos colidiram devido a for\u00e7a da enxurrada. Os carros estavam estacionados quando come\u00e7ou a chuva.<\/p>\n<p><iframe loading=\"lazy\" title=\"Enxurrada arrasta carros em Vit\u00f3ria da Conquista\" width=\"500\" height=\"281\" src=\"https:\/\/www.youtube.com\/embed\/9RXHftgNZaU?feature=oembed\" frameborder=\"0\" allow=\"accelerometer; autoplay; clipboard-write; encrypted-media; gyroscope; picture-in-picture; web-share\" referrerpolicy=\"strict-origin-when-cross-origin\" allowfullscreen><\/iframe><\/p>\n<p>Na Pra\u00e7a do Gil, um cont\u00eainer foi arrastado pela for\u00e7a da chuva e acabou se chocando com um \u00f4nibus, que estava parado no engarrafamento.<\/p>\n<p><iframe loading=\"lazy\" title=\"Chuva em Vit\u00f3ria da Conquista - 12\/12\/2016\" width=\"500\" height=\"281\" src=\"https:\/\/www.youtube.com\/embed\/bq3MSuvVtu8?feature=oembed\" frameborder=\"0\" allow=\"accelerometer; autoplay; clipboard-write; encrypted-media; gyroscope; picture-in-picture; web-share\" referrerpolicy=\"strict-origin-when-cross-origin\" allowfullscreen><\/iframe><\/p>\n","protected":false},"excerpt":{"rendered":"<p>A chuva de ver\u00e3o voltou a causar estragos em Vit\u00f3ria da Conquista, nesta segunda-feira (12). A chuva durou cerca de duas horas, o suficiente para alagar ruas, invadir lojas e arrastar carros e cont\u00eaineres. A Defesa Civil ainda n\u00e3o divulgou o volume de chuva que caiu sobre a cidade. Na rua Ascendino Melo, no Centro, [&hellip;]<\/p>\n","protected":false},"author":2,"featured_media":62954,"comment_status":"open","ping_status":"open","sticky":false,"template":"","format":"standard","meta":{"footnotes":"","_links_to":"","_links_to_target":""},"categories":[1],"tags":[],"class_list":["post-62953","post","type-post","status-publish","format-standard","has-post-thumbnail","hentry","category-geral"],"views":2795,"_links":{"self":[{"href":"https:\/\/www.sudoestehoje.com.br\/novoportal\/wp-json\/wp\/v2\/posts\/62953","targetHints":{"allow":["GET"]}}],"collection":[{"href":"https:\/\/www.sudoestehoje.com.br\/novoportal\/wp-json\/wp\/v2\/posts"}],"about":[{"href":"https:\/\/www.sudoestehoje.com.br\/novoportal\/wp-json\/wp\/v2\/types\/post"}],"author":[{"embeddable":true,"href":"https:\/\/www.sudoestehoje.com.br\/novoportal\/wp-json\/wp\/v2\/users\/2"}],"replies":[{"embeddable":true,"href":"https:\/\/www.sudoestehoje.com.br\/novoportal\/wp-json\/wp\/v2\/comments?post=62953"}],"version-history":[{"count":1,"href":"https:\/\/www.sudoestehoje.com.br\/novoportal\/wp-json\/wp\/v2\/posts\/62953\/revisions"}],"predecessor-version":[{"id":62955,"href":"https:\/\/www.sudoestehoje.com.br\/novoportal\/wp-json\/wp\/v2\/posts\/62953\/revisions\/62955"}],"wp:featuredmedia":[{"embeddable":true,"href":"https:\/\/www.sudoestehoje.com.br\/novoportal\/wp-json\/wp\/v2\/media\/62954"}],"wp:attachment":[{"href":"https:\/\/www.sudoestehoje.com.br\/novoportal\/wp-json\/wp\/v2\/media?parent=62953"}],"wp:term":[{"taxonomy":"category","embeddable":true,"href":"https:\/\/www.sudoestehoje.com.br\/novoportal\/wp-json\/wp\/v2\/categories?post=62953"},{"taxonomy":"post_tag","embeddable":true,"href":"https:\/\/www.sudoestehoje.com.br\/novoportal\/wp-json\/wp\/v2\/tags?post=62953"}],"curies":[{"name":"wp","href":"https:\/\/api.w.org\/{rel}","templated":true}]}}