
{"id":62905,"date":"2016-12-11T20:36:28","date_gmt":"2016-12-11T23:36:28","guid":{"rendered":"http:\/\/www.sudoestehoje.com.br\/novoportal\/?p=62905"},"modified":"2016-12-12T20:47:34","modified_gmt":"2016-12-12T23:47:34","slug":"itapetinga-volta-a-ser-destaque-nacional-em-reportagem-do-globo-rural","status":"publish","type":"post","link":"https:\/\/www.sudoestehoje.com.br\/novoportal\/2016\/12\/11\/itapetinga-volta-a-ser-destaque-nacional-em-reportagem-do-globo-rural\/","title":{"rendered":"ITAPETINGA VOLTA A SER DESTAQUE NACIONAL EM REPORTAGEM DO &#8220;GLOBO RURAL&#8221;"},"content":{"rendered":"<div class=\"materia-cabecalho\">\n<p class=\"data-da-edicao\"><a href=\"http:\/\/www.sudoestehoje.com.br\/novoportal\/wp-content\/uploads\/2016\/12\/globo_rural_1.jpg\"><img loading=\"lazy\" decoding=\"async\" class=\"aligncenter wp-image-62906\" src=\"http:\/\/www.sudoestehoje.com.br\/novoportal\/wp-content\/uploads\/2016\/12\/globo_rural_1.jpg\" alt=\"globo_rural_1\" width=\"500\" height=\"225\" \/><\/a><\/p>\n<p class=\"data-da-edicao\">Depois de ter sido objeto de uma reportagem do programa Globo Rural, que mostrou para todo o Brasil a dura realidade da seca que se abateu sobre a regi\u00e3o, Itapetinga voltou a ser destaque, neste domingo, quando o programa global mostrou, em uma bela reportagem a criatividade de produtores rurais do munic\u00edpio, que investiram na produ\u00e7\u00e3o da &#8216;palma forrageira&#8217; como alternativa de alimento para o gado, pr\u00e1tica tradicional em toda a regi\u00e3o Nordeste, por\u00e9m desenvolvida de maneira in\u00e9dita na regi\u00e3o agropastoril de Itapetinga.<\/p>\n<p class=\"data-da-edicao\"><a href=\"http:\/\/www.sudoestehoje.com.br\/novoportal\/wp-content\/uploads\/2016\/12\/globo-rural-1.jpg\"><img loading=\"lazy\" decoding=\"async\" class=\"aligncenter wp-image-62907\" src=\"http:\/\/www.sudoestehoje.com.br\/novoportal\/wp-content\/uploads\/2016\/12\/globo-rural-1.jpg\" alt=\"globo-rural-1\" width=\"500\" height=\"300\" \/><\/a><\/p>\n<p class=\"data-da-edicao\">Na experi\u00eancia desenvolvida na regi\u00e3o Sudoeste,\u00a0um grupo de criadores oferece a palma aos animais de um jeito diferente do tradicional, diretamente na lavoura, m\u00e9todo que come\u00e7a a ganhar espa\u00e7o numa regi\u00e3o que tradicionalmente n\u00e3o enfrenta longos per\u00edodos de estiagem. Mas 2016 est\u00e1 fechando com umas piores secas da hist\u00f3ria no sudoeste da Bahia. \/\/ <strong><em>Por Davi Ferraz<\/em><\/strong><\/p>\n<p class=\"data-da-edicao\"><img loading=\"lazy\" decoding=\"async\" class=\"\" src=\"https:\/\/scontent-grt2-1.xx.fbcdn.net\/v\/t1.0-9\/15391051_1357627450945128_3717573511745432108_n.jpg?oh=a859b4883ba21ae26e9d1c7f69ffc59e&amp;oe=58BCBF43\" width=\"500\" height=\"375\" \/><\/p>\n<\/div>\n<p>Para incentivar os criadores a buscar uma alternativa de comida para os animais, o zootecnista e produtor de leite, Luciano Almeida, fez na sua fazenda um projeto experimental para o cultivo da palma. Luciano \u00e9 instrutor do Senar, Servi\u00e7o Nacional de Aprendizagem Rural, e tamb\u00e9m d\u00e1 assist\u00eancia a Cooperativa dos Produtores de Leite (COOLEITE), em Itapetinga. <strong><em>Veja v\u00eddeo:<\/em><\/strong><\/p>\n<p>https:\/\/www.youtube.com\/watch?v=BfGO8f2GA8g<\/p>\n","protected":false},"excerpt":{"rendered":"<p>Depois de ter sido objeto de uma reportagem do programa Globo Rural, que mostrou para todo o Brasil a dura realidade da seca que se abateu sobre a regi\u00e3o, Itapetinga voltou a ser destaque, neste domingo, quando o programa global mostrou, em uma bela reportagem a criatividade de produtores rurais do munic\u00edpio, que investiram na [&hellip;]<\/p>\n","protected":false},"author":2,"featured_media":62906,"comment_status":"open","ping_status":"open","sticky":false,"template":"","format":"standard","meta":{"footnotes":"","_links_to":"","_links_to_target":""},"categories":[1],"tags":[],"class_list":["post-62905","post","type-post","status-publish","format-standard","has-post-thumbnail","hentry","category-geral"],"views":5522,"_links":{"self":[{"href":"https:\/\/www.sudoestehoje.com.br\/novoportal\/wp-json\/wp\/v2\/posts\/62905","targetHints":{"allow":["GET"]}}],"collection":[{"href":"https:\/\/www.sudoestehoje.com.br\/novoportal\/wp-json\/wp\/v2\/posts"}],"about":[{"href":"https:\/\/www.sudoestehoje.com.br\/novoportal\/wp-json\/wp\/v2\/types\/post"}],"author":[{"embeddable":true,"href":"https:\/\/www.sudoestehoje.com.br\/novoportal\/wp-json\/wp\/v2\/users\/2"}],"replies":[{"embeddable":true,"href":"https:\/\/www.sudoestehoje.com.br\/novoportal\/wp-json\/wp\/v2\/comments?post=62905"}],"version-history":[{"count":8,"href":"https:\/\/www.sudoestehoje.com.br\/novoportal\/wp-json\/wp\/v2\/posts\/62905\/revisions"}],"predecessor-version":[{"id":62918,"href":"https:\/\/www.sudoestehoje.com.br\/novoportal\/wp-json\/wp\/v2\/posts\/62905\/revisions\/62918"}],"wp:featuredmedia":[{"embeddable":true,"href":"https:\/\/www.sudoestehoje.com.br\/novoportal\/wp-json\/wp\/v2\/media\/62906"}],"wp:attachment":[{"href":"https:\/\/www.sudoestehoje.com.br\/novoportal\/wp-json\/wp\/v2\/media?parent=62905"}],"wp:term":[{"taxonomy":"category","embeddable":true,"href":"https:\/\/www.sudoestehoje.com.br\/novoportal\/wp-json\/wp\/v2\/categories?post=62905"},{"taxonomy":"post_tag","embeddable":true,"href":"https:\/\/www.sudoestehoje.com.br\/novoportal\/wp-json\/wp\/v2\/tags?post=62905"}],"curies":[{"name":"wp","href":"https:\/\/api.w.org\/{rel}","templated":true}]}}