
{"id":62896,"date":"2016-12-11T09:49:23","date_gmt":"2016-12-11T12:49:23","guid":{"rendered":"http:\/\/www.sudoestehoje.com.br\/novoportal\/?p=62896"},"modified":"2016-12-11T21:20:26","modified_gmt":"2016-12-12T00:20:26","slug":"novo-empreendimento-imobiliario-e-exemplo-de-respeito-ao-meio-ambiente-em-itapetinga","status":"publish","type":"post","link":"https:\/\/www.sudoestehoje.com.br\/novoportal\/2016\/12\/11\/novo-empreendimento-imobiliario-e-exemplo-de-respeito-ao-meio-ambiente-em-itapetinga\/","title":{"rendered":"NOVO EMPREENDIMENTO IMOBILI\u00c1RIO \u00c9 EXEMPLO DE RESPEITO AO MEIO AMBIENTE EM ITAPETINGA"},"content":{"rendered":"<p><em><strong>PUBLICIDADE<\/strong><\/em><\/p>\n<p><img loading=\"lazy\" decoding=\"async\" class=\"\" src=\"https:\/\/scontent.fsdu7-1.fna.fbcdn.net\/v\/t1.0-9\/15380488_1209978465760219_1540694180140012009_n.jpg?oh=30c71dc6b3d3d4d66d927d6ad862a6c1&amp;oe=58F42A72\" width=\"501\" height=\"282\" \/><\/p>\n<p>Um novo empreendimento imobili\u00e1rio em gesta\u00e7\u00e3o no munic\u00edpio de Itapetinga, promete ser exemplo de preserva\u00e7\u00e3o ecol\u00f3gica e total respeito ao meio ambiente, segundo seu idealizador e empreendedor Marcos Brasil, propriet\u00e1rio da Construtora Curitiba.<\/p>\n<p>Projetado para ser constru\u00eddo em uma \u00e1rea totalmente degradada na Avenida Beira Rio, ao lado da Esta\u00e7\u00e3o Rodovi\u00e1ria, o <strong>Residencial Melyna Brito de Almeida<\/strong> resgatar\u00e1 a \u00e1rea abandonada da antiga Fazenda Volta Grande, hoje revertida de zona rural para per\u00edmetro urbano, com autoriza\u00e7\u00e3o do INCRA e Licen\u00e7a Ambiental dos \u00f3rg\u00e3os competentes.<\/p>\n<p>A novidade, segundo o seu empreendedor, \u00e9 que o novo loteamento preservar\u00e1 a mata ciliar existente \u00e0s margens do Rio Catol\u00e9, numa faixa de 30 metros como determina a lei, com o plantio adicional de centenas de \u00e1rvores nativas da Mata Atl\u00e2ntica, como Ip\u00ea, Jacarand\u00e1, Jequitib\u00e1, Cerejeira, dentre outras, com a supervis\u00e3o de t\u00e9cnicos e especialistas ligados \u00e0 \u00e1rea ambiental, o que formar\u00e1 um verdadeiro &#8216;Cintur\u00e3o Verde&#8217; ao longo do rio.<\/p>\n<p>Ao contr\u00e1rio de outros loteamentos existentes em Itapetinga, o Residencial Melyna ser\u00e1 dotado de toda a infraestrutura urbana exigida pelas leis federal e municipal, como rede de \u00e1gua pot\u00e1vel, rede esgoto tratado atrav\u00e9s do sistema DARF e esgoto pluvial, posteamento e ilumina\u00e7\u00e3o da ruas, meio-fio, reserva de \u00e1rea institucional para constru\u00e7\u00e3o de escola, creche e posto de sa\u00fade, pra\u00e7a e jardim, isto sem falar da vasta \u00e1rea verde preservada e implantada, com tratamento paisag\u00edstico, o que constituir\u00e1 um verdadeiro diferencial em rela\u00e7\u00e3o aos demais loteamentos existentes na cidade. Um cais ser\u00e1 erguido ao longo do Rio Catol\u00e9, para evitar os efeitos de poss\u00edveis cheias e alagamentos.<\/p>\n<p>Em conversa informal com o editor deste blog, o empres\u00e1rio Marcos Brasil exibiu vasta documenta\u00e7\u00e3o, como escrituras, registros imobili\u00e1rios, licen\u00e7a ambiental, autoriza\u00e7\u00e3o do INCRA, projeto arquitet\u00f4nico aprovado pela prefeitura, memorial descritivo dos lotes, dentre outros.<\/p>\n<p>O pr\u00e9-lan\u00e7amento do Residencial Melyna acontecer\u00e1 na pr\u00f3xima ter\u00e7a-feira (13), \u00e0s 19h, no Espa\u00e7o Gospel, no bairro Clodoaldo Costa, onde t\u00e9cnicos devidamente habilitados ir\u00e3o detalhar para a imprensa e convidados as vantagens do novo empreendimento. Todos os \u00f3rg\u00e3os de imprensa locais est\u00e3o convidados. <strong><em>Confira Planta:<\/em><\/strong><!--more--><\/p>\n<p><img decoding=\"async\" src=\"https:\/\/scontent.fsdu7-1.fna.fbcdn.net\/v\/t1.0-9\/15327354_1209978512426881_8756938746060657053_n.jpg?oh=c6ab3ca98e0f3190a8f62480025ecd80&amp;oe=58FBCE49\" \/><\/p>\n<p>&nbsp;<\/p>\n<p>&nbsp;<\/p>\n","protected":false},"excerpt":{"rendered":"<p>PUBLICIDADE Um novo empreendimento imobili\u00e1rio em gesta\u00e7\u00e3o no munic\u00edpio de Itapetinga, promete ser exemplo de preserva\u00e7\u00e3o ecol\u00f3gica e total respeito ao meio ambiente, segundo seu idealizador e empreendedor Marcos Brasil, propriet\u00e1rio da Construtora Curitiba. Projetado para ser constru\u00eddo em uma \u00e1rea totalmente degradada na Avenida Beira Rio, ao lado da Esta\u00e7\u00e3o Rodovi\u00e1ria, o Residencial Melyna [&hellip;]<\/p>\n","protected":false},"author":2,"featured_media":0,"comment_status":"open","ping_status":"open","sticky":false,"template":"","format":"standard","meta":{"footnotes":"","_links_to":"","_links_to_target":""},"categories":[1],"tags":[],"class_list":["post-62896","post","type-post","status-publish","format-standard","hentry","category-geral"],"views":1602,"_links":{"self":[{"href":"https:\/\/www.sudoestehoje.com.br\/novoportal\/wp-json\/wp\/v2\/posts\/62896","targetHints":{"allow":["GET"]}}],"collection":[{"href":"https:\/\/www.sudoestehoje.com.br\/novoportal\/wp-json\/wp\/v2\/posts"}],"about":[{"href":"https:\/\/www.sudoestehoje.com.br\/novoportal\/wp-json\/wp\/v2\/types\/post"}],"author":[{"embeddable":true,"href":"https:\/\/www.sudoestehoje.com.br\/novoportal\/wp-json\/wp\/v2\/users\/2"}],"replies":[{"embeddable":true,"href":"https:\/\/www.sudoestehoje.com.br\/novoportal\/wp-json\/wp\/v2\/comments?post=62896"}],"version-history":[{"count":5,"href":"https:\/\/www.sudoestehoje.com.br\/novoportal\/wp-json\/wp\/v2\/posts\/62896\/revisions"}],"predecessor-version":[{"id":62916,"href":"https:\/\/www.sudoestehoje.com.br\/novoportal\/wp-json\/wp\/v2\/posts\/62896\/revisions\/62916"}],"wp:attachment":[{"href":"https:\/\/www.sudoestehoje.com.br\/novoportal\/wp-json\/wp\/v2\/media?parent=62896"}],"wp:term":[{"taxonomy":"category","embeddable":true,"href":"https:\/\/www.sudoestehoje.com.br\/novoportal\/wp-json\/wp\/v2\/categories?post=62896"},{"taxonomy":"post_tag","embeddable":true,"href":"https:\/\/www.sudoestehoje.com.br\/novoportal\/wp-json\/wp\/v2\/tags?post=62896"}],"curies":[{"name":"wp","href":"https:\/\/api.w.org\/{rel}","templated":true}]}}