
{"id":62881,"date":"2016-12-10T09:13:44","date_gmt":"2016-12-10T12:13:44","guid":{"rendered":"http:\/\/www.sudoestehoje.com.br\/novoportal\/?p=62881"},"modified":"2016-12-10T21:11:10","modified_gmt":"2016-12-11T00:11:10","slug":"itapetinga-corpo-de-dona-lita-ainda-nao-foi-identificado-pelo-dptiml-de-conquista","status":"publish","type":"post","link":"https:\/\/www.sudoestehoje.com.br\/novoportal\/2016\/12\/10\/itapetinga-corpo-de-dona-lita-ainda-nao-foi-identificado-pelo-dptiml-de-conquista\/","title":{"rendered":"ITAPETINGA: CORPO DE DONA LITA AINDA N\u00c3O FOI IDENTIFICADO PELO DPT\/IML DE CONQUISTA"},"content":{"rendered":"<p><a href=\"http:\/\/www.sudoestehoje.com.br\/novoportal\/wp-content\/uploads\/2016\/12\/nelita.jpg\"><img loading=\"lazy\" decoding=\"async\" class=\"size-full wp-image-62882 alignleft\" src=\"http:\/\/www.sudoestehoje.com.br\/novoportal\/wp-content\/uploads\/2016\/12\/nelita.jpg\" alt=\"nelita\" width=\"205\" height=\"235\" \/><\/a><\/p>\n<p>Assim que foi resgatado do inc\u00eandio ocorrido na madrugada desta sexta-feira (9), o corpo carbonizado da idosa\u00a0Nelita de Oliveira Melo, &#8216;Dona Lita&#8217;, foi encaminhado ao DPT\/IML de Vit\u00f3ria da Conquista, para necr\u00f3psia e identifica\u00e7\u00e3o, exig\u00eancia legal para as mortes desta natureza.<\/p>\n<p>A necr\u00f3psia costuma ser r\u00e1pida, mas a identifica\u00e7\u00e3o do corpo, quando em estado de decomposi\u00e7\u00e3o ou desfigura\u00e7\u00e3o do rosto, tem que ser realizada atrav\u00e9s das impress\u00f5es digitais, arcada dent\u00e1ria ou exame de DNA.<\/p>\n<p>No caso de Dona Lita, segundo a sua filha Ninna Ferraz, n\u00e3o foi poss\u00edvel a identifica\u00e7\u00e3o atrav\u00e9s do reconhecimento por familiares, impress\u00f5es digitais ou arcada dent\u00e1ria, o que levou os peritos do DPT a solicitarem o exame de DNA, que \u00e9 muito demorado.<\/p>\n<p>Segundo Ninna, em depoimento postado na sua p\u00e1gina no Facebook, o exame de DNA pode demorar at\u00e9 tr\u00eas meses, retardando o vel\u00f3rio e sepultamento do corpo, por tempo indeterminado, o que representa um enorme sofrimento para a fam\u00edlia, parentes e amigos.<\/p>\n<p>Enquanto os familiares de Dona Lita esperam a libera\u00e7\u00e3o do corpo em Vit\u00f3ria da Conquista, o DPT\/IML de Itapetinga, inaugurado recentemente pelo governador Rui Costa, n\u00e3o tem prazo para entrar em funcionamento, por falta de peritos e equipamentos.<\/p>\n<p><strong><em>Por Davi Ferraz<\/em><\/strong><\/p>\n<p><img decoding=\"async\" class=\"aligncenter\" src=\"http:\/\/www.sudoestehoje.com.br\/novoportal\/wp-content\/uploads\/2015\/10\/SERVLAR-BANNER-500x178.jpg\" alt=\"Resultado de imagem para servlar itapetinga\" \/><\/p>\n","protected":false},"excerpt":{"rendered":"<p>Assim que foi resgatado do inc\u00eandio ocorrido na madrugada desta sexta-feira (9), o corpo carbonizado da idosa\u00a0Nelita de Oliveira Melo, &#8216;Dona Lita&#8217;, foi encaminhado ao DPT\/IML de Vit\u00f3ria da Conquista, para necr\u00f3psia e identifica\u00e7\u00e3o, exig\u00eancia legal para as mortes desta natureza. A necr\u00f3psia costuma ser r\u00e1pida, mas a identifica\u00e7\u00e3o do corpo, quando em estado de [&hellip;]<\/p>\n","protected":false},"author":2,"featured_media":62882,"comment_status":"open","ping_status":"open","sticky":false,"template":"","format":"standard","meta":{"footnotes":"","_links_to":"","_links_to_target":""},"categories":[1],"tags":[],"class_list":["post-62881","post","type-post","status-publish","format-standard","has-post-thumbnail","hentry","category-geral"],"views":1928,"_links":{"self":[{"href":"https:\/\/www.sudoestehoje.com.br\/novoportal\/wp-json\/wp\/v2\/posts\/62881","targetHints":{"allow":["GET"]}}],"collection":[{"href":"https:\/\/www.sudoestehoje.com.br\/novoportal\/wp-json\/wp\/v2\/posts"}],"about":[{"href":"https:\/\/www.sudoestehoje.com.br\/novoportal\/wp-json\/wp\/v2\/types\/post"}],"author":[{"embeddable":true,"href":"https:\/\/www.sudoestehoje.com.br\/novoportal\/wp-json\/wp\/v2\/users\/2"}],"replies":[{"embeddable":true,"href":"https:\/\/www.sudoestehoje.com.br\/novoportal\/wp-json\/wp\/v2\/comments?post=62881"}],"version-history":[{"count":3,"href":"https:\/\/www.sudoestehoje.com.br\/novoportal\/wp-json\/wp\/v2\/posts\/62881\/revisions"}],"predecessor-version":[{"id":62890,"href":"https:\/\/www.sudoestehoje.com.br\/novoportal\/wp-json\/wp\/v2\/posts\/62881\/revisions\/62890"}],"wp:featuredmedia":[{"embeddable":true,"href":"https:\/\/www.sudoestehoje.com.br\/novoportal\/wp-json\/wp\/v2\/media\/62882"}],"wp:attachment":[{"href":"https:\/\/www.sudoestehoje.com.br\/novoportal\/wp-json\/wp\/v2\/media?parent=62881"}],"wp:term":[{"taxonomy":"category","embeddable":true,"href":"https:\/\/www.sudoestehoje.com.br\/novoportal\/wp-json\/wp\/v2\/categories?post=62881"},{"taxonomy":"post_tag","embeddable":true,"href":"https:\/\/www.sudoestehoje.com.br\/novoportal\/wp-json\/wp\/v2\/tags?post=62881"}],"curies":[{"name":"wp","href":"https:\/\/api.w.org\/{rel}","templated":true}]}}