
{"id":62863,"date":"2016-12-09T13:10:06","date_gmt":"2016-12-09T16:10:06","guid":{"rendered":"http:\/\/www.sudoestehoje.com.br\/novoportal\/?p=62863"},"modified":"2016-12-10T21:14:06","modified_gmt":"2016-12-11T00:14:06","slug":"itapetinga-em-sessao-solene-camara-entrega-titulo-de-cidadao-a-rodrigo-hagge","status":"publish","type":"post","link":"https:\/\/www.sudoestehoje.com.br\/novoportal\/2016\/12\/09\/itapetinga-em-sessao-solene-camara-entrega-titulo-de-cidadao-a-rodrigo-hagge\/","title":{"rendered":"ITAPETINGA: EM SESS\u00c3O SOLENE, C\u00c2MARA ENTREGA T\u00cdTULO DE CIDAD\u00c3O A RODRIGO HAGGE"},"content":{"rendered":"<p><img loading=\"lazy\" decoding=\"async\" class=\"\" src=\"https:\/\/scontent.fsdu7-1.fna.fbcdn.net\/v\/t1.0-9\/15085502_1207588985999167_1634183497623887541_n.jpg?oh=cb76b5fd5653bbaeeb17b5fdc476107d&amp;oe=58B9A45F\" width=\"500\" height=\"313\" \/><\/p>\n<p>Em sess\u00e3o realizada na noite da quinta-feira (8), a C\u00e2mara de Vereadores de Itapetinga entregou t\u00edtulos de Cidad\u00e3o Itapetinguense a 41 pessoas. No plen\u00e1rio lotado, familiares e amigos dos homenageados, al\u00e9m de convidados.\u00a0Entre os agraciados com a honraria, estava o prefeito eleito de Itapetinga, Rodrigo Hagge, que teve seu t\u00edtulo outorgado pelo vereador Eliomar Barreira (Tarug\u00e3o), do PMDB.<\/p>\n<p><img loading=\"lazy\" decoding=\"async\" class=\"\" src=\"https:\/\/scontent.fsdu7-1.fna.fbcdn.net\/v\/t1.0-9\/15327439_1207588775999188_1631531204900766735_n.jpg?oh=0245ef87cce3a2441e8ccc840fde9fca&amp;oe=58BDD8C5\" width=\"501\" height=\"331\" \/><\/p>\n<p>Nascido em Salvador, Rodrigo veio para Itapetinga aos 15 dias de vida, passando aqui toda a sua inf\u00e2ncia e adolesc\u00eancia, at\u00e9 retornar \u00e0 capital do estado para fazer a faculdade de Direito. Retornando \u00e0 sua cidade do cora\u00e7\u00e3o, Rodrigo Hagge \u00e9 hoje o prefeito eleito.<\/p>\n<p><img loading=\"lazy\" decoding=\"async\" class=\"\" src=\"https:\/\/scontent.fsdu7-1.fna.fbcdn.net\/v\/t1.0-9\/15390810_1207588952665837_4969085210665797309_n.jpg?oh=ba34e78ab3f177c5f7af0cb235ca190c&amp;oe=58B01A05\" width=\"501\" height=\"331\" \/><\/p>\n<p>\u201cEste t\u00edtulo me deixa feliz e me d\u00e1 ainda mais responsabilidade, pois como Itapetinga faz parte da minha hist\u00f3ria, agora em 2017 eu farei parte da hist\u00f3ria de Itapetinga e terei a obriga\u00e7\u00e3o de trazer um novo futuro para a nossa cidade, um futuro melhor, mais feliz e \u00e9 isto que faremos, com f\u00e9 em Deus, a partir do ano do pr\u00f3ximo ano\u201d, disse Hagge. \/\/<em> Ascom<\/em><\/p>\n<p><img decoding=\"async\" src=\"http:\/\/www.sudoestehoje.com.br\/novoportal\/wp-content\/uploads\/2014\/07\/Feira-do-Lar-1.png\" alt=\"Feira-do-Lar (1)\" \/><\/p>\n","protected":false},"excerpt":{"rendered":"<p>Em sess\u00e3o realizada na noite da quinta-feira (8), a C\u00e2mara de Vereadores de Itapetinga entregou t\u00edtulos de Cidad\u00e3o Itapetinguense a 41 pessoas. No plen\u00e1rio lotado, familiares e amigos dos homenageados, al\u00e9m de convidados.\u00a0Entre os agraciados com a honraria, estava o prefeito eleito de Itapetinga, Rodrigo Hagge, que teve seu t\u00edtulo outorgado pelo vereador Eliomar Barreira [&hellip;]<\/p>\n","protected":false},"author":2,"featured_media":0,"comment_status":"open","ping_status":"open","sticky":false,"template":"","format":"standard","meta":{"footnotes":"","_links_to":"","_links_to_target":""},"categories":[1],"tags":[],"class_list":["post-62863","post","type-post","status-publish","format-standard","hentry","category-geral"],"views":1684,"_links":{"self":[{"href":"https:\/\/www.sudoestehoje.com.br\/novoportal\/wp-json\/wp\/v2\/posts\/62863","targetHints":{"allow":["GET"]}}],"collection":[{"href":"https:\/\/www.sudoestehoje.com.br\/novoportal\/wp-json\/wp\/v2\/posts"}],"about":[{"href":"https:\/\/www.sudoestehoje.com.br\/novoportal\/wp-json\/wp\/v2\/types\/post"}],"author":[{"embeddable":true,"href":"https:\/\/www.sudoestehoje.com.br\/novoportal\/wp-json\/wp\/v2\/users\/2"}],"replies":[{"embeddable":true,"href":"https:\/\/www.sudoestehoje.com.br\/novoportal\/wp-json\/wp\/v2\/comments?post=62863"}],"version-history":[{"count":4,"href":"https:\/\/www.sudoestehoje.com.br\/novoportal\/wp-json\/wp\/v2\/posts\/62863\/revisions"}],"predecessor-version":[{"id":62893,"href":"https:\/\/www.sudoestehoje.com.br\/novoportal\/wp-json\/wp\/v2\/posts\/62863\/revisions\/62893"}],"wp:attachment":[{"href":"https:\/\/www.sudoestehoje.com.br\/novoportal\/wp-json\/wp\/v2\/media?parent=62863"}],"wp:term":[{"taxonomy":"category","embeddable":true,"href":"https:\/\/www.sudoestehoje.com.br\/novoportal\/wp-json\/wp\/v2\/categories?post=62863"},{"taxonomy":"post_tag","embeddable":true,"href":"https:\/\/www.sudoestehoje.com.br\/novoportal\/wp-json\/wp\/v2\/tags?post=62863"}],"curies":[{"name":"wp","href":"https:\/\/api.w.org\/{rel}","templated":true}]}}