
{"id":62854,"date":"2016-12-09T11:50:52","date_gmt":"2016-12-09T14:50:52","guid":{"rendered":"http:\/\/www.sudoestehoje.com.br\/novoportal\/?p=62854"},"modified":"2016-12-10T21:15:42","modified_gmt":"2016-12-11T00:15:42","slug":"prefeitos-baianos-discutem-teto-dos-gastos-em-hotel-de-luxo-em-guarajuba","status":"publish","type":"post","link":"https:\/\/www.sudoestehoje.com.br\/novoportal\/2016\/12\/09\/prefeitos-baianos-discutem-teto-dos-gastos-em-hotel-de-luxo-em-guarajuba\/","title":{"rendered":"PREFEITOS BAIANOS DISCUTEM TETO DOS GASTOS EM HOTEL DE LUXO EM GUARAJUBA"},"content":{"rendered":"<p><a href=\"http:\/\/www.sudoestehoje.com.br\/novoportal\/wp-content\/uploads\/2016\/12\/Hotel-Vila-Gal\u00e9-580x354.jpg\"><img loading=\"lazy\" decoding=\"async\" class=\"aligncenter size-medium wp-image-62855\" src=\"http:\/\/www.sudoestehoje.com.br\/novoportal\/wp-content\/uploads\/2016\/12\/Hotel-Vila-Gal\u00e9-580x354-500x305.jpg\" alt=\"hotel-vila-gale-580x354\" width=\"500\" height=\"305\" srcset=\"https:\/\/www.sudoestehoje.com.br\/novoportal\/wp-content\/uploads\/2016\/12\/Hotel-Vila-Gal\u00e9-580x354-500x305.jpg 500w, https:\/\/www.sudoestehoje.com.br\/novoportal\/wp-content\/uploads\/2016\/12\/Hotel-Vila-Gal\u00e9-580x354.jpg 580w\" sizes=\"auto, (max-width: 500px) 100vw, 500px\" \/><\/a><\/p>\n<p>Na c\u00e1lida noite da terra da felicidade na Bahia, entre as areias brancas da Praia de Guarajuba e a paradis\u00edaca estrutura do resort cinco estrelas all inclusive Vila Gal\u00e9 Mares, um grupo animado e barulhento entrou pela madrugada de ter\u00e7a-feira ao som de um forr\u00f3 arretado, com o cantor conclamando a todos que dan\u00e7assem a noite inteira, at\u00e9 o sol raiar.<\/p>\n<p>N\u00e3o se tratava de turistas gringos abastados ou h\u00f3spedes com cacife para bancar di\u00e1rias m\u00e9dias de R$ 1 mil. Mas cerca de 300 prefeitos baianos e familiares que desfrutam tr\u00eas dias no para\u00edso com patroc\u00ednio de verbas federais \u2014 enquanto, segundo as pr\u00f3prias associa\u00e7\u00f5es de prefeitos, as prefeituras pa\u00eds afora est\u00e3o quebradas.<\/p>\n<p>O objetivo do congresso era discutir gest\u00e3o p\u00fablica. Entre as mesas, por exemplo, est\u00e1 uma para debater os reflexos da PEC 55, a do teto dos gastos, nas pol\u00edticas p\u00fablicas de Sa\u00fade e Educa\u00e7\u00e3o.<\/p>\n<p>Segundo o site da Uni\u00e3o dos Prefeitos da Bahia (UPB), que organiza o evento h\u00e1 cinco anos sempre no resort, o 5\u00ba Encontro de Prefeitos vai at\u00e9 esta quinta-feira, \u201ccom uma programa\u00e7\u00e3o intensa de assuntos direcionados exclusivamente a prefeitos baianos\u201d.<\/p>\n<p>Ainda segundo o site, \u201cs\u00e3o parceiros da UPB nesta iniciativa\u201d o governo do estado da Bahia e alguns \u00f3rg\u00e3os ligados a ele, Caixa Econ\u00f4mica Federal, Banco do Brasil, Funasa, Sebrae, Bradesco, Nutricash, Arte e Cultura, E&amp;L Sistema de Softwes, IPM Brasil\/Alconta e Funda\u00e7\u00e3o Abrinq.<\/p>\n<p>O governador Rui Costa e membros da sua equipe tamb\u00e9m participaram das animadas &#8216;discuss\u00f5es&#8217;.\/\/<em>O Globo<\/em><\/p>\n<p><img decoding=\"async\" src=\"http:\/\/www.sudoestehoje.com.br\/novoportal\/wp-content\/uploads\/2014\/09\/banner-4.jpg\" alt=\"Resultado de imagem para SKALA MODAS ITAPETINGA\" \/><\/p>\n","protected":false},"excerpt":{"rendered":"<p>Na c\u00e1lida noite da terra da felicidade na Bahia, entre as areias brancas da Praia de Guarajuba e a paradis\u00edaca estrutura do resort cinco estrelas all inclusive Vila Gal\u00e9 Mares, um grupo animado e barulhento entrou pela madrugada de ter\u00e7a-feira ao som de um forr\u00f3 arretado, com o cantor conclamando a todos que dan\u00e7assem a [&hellip;]<\/p>\n","protected":false},"author":2,"featured_media":62855,"comment_status":"open","ping_status":"open","sticky":false,"template":"","format":"standard","meta":{"footnotes":"","_links_to":"","_links_to_target":""},"categories":[1],"tags":[],"class_list":["post-62854","post","type-post","status-publish","format-standard","has-post-thumbnail","hentry","category-geral"],"views":1778,"_links":{"self":[{"href":"https:\/\/www.sudoestehoje.com.br\/novoportal\/wp-json\/wp\/v2\/posts\/62854","targetHints":{"allow":["GET"]}}],"collection":[{"href":"https:\/\/www.sudoestehoje.com.br\/novoportal\/wp-json\/wp\/v2\/posts"}],"about":[{"href":"https:\/\/www.sudoestehoje.com.br\/novoportal\/wp-json\/wp\/v2\/types\/post"}],"author":[{"embeddable":true,"href":"https:\/\/www.sudoestehoje.com.br\/novoportal\/wp-json\/wp\/v2\/users\/2"}],"replies":[{"embeddable":true,"href":"https:\/\/www.sudoestehoje.com.br\/novoportal\/wp-json\/wp\/v2\/comments?post=62854"}],"version-history":[{"count":8,"href":"https:\/\/www.sudoestehoje.com.br\/novoportal\/wp-json\/wp\/v2\/posts\/62854\/revisions"}],"predecessor-version":[{"id":62894,"href":"https:\/\/www.sudoestehoje.com.br\/novoportal\/wp-json\/wp\/v2\/posts\/62854\/revisions\/62894"}],"wp:featuredmedia":[{"embeddable":true,"href":"https:\/\/www.sudoestehoje.com.br\/novoportal\/wp-json\/wp\/v2\/media\/62855"}],"wp:attachment":[{"href":"https:\/\/www.sudoestehoje.com.br\/novoportal\/wp-json\/wp\/v2\/media?parent=62854"}],"wp:term":[{"taxonomy":"category","embeddable":true,"href":"https:\/\/www.sudoestehoje.com.br\/novoportal\/wp-json\/wp\/v2\/categories?post=62854"},{"taxonomy":"post_tag","embeddable":true,"href":"https:\/\/www.sudoestehoje.com.br\/novoportal\/wp-json\/wp\/v2\/tags?post=62854"}],"curies":[{"name":"wp","href":"https:\/\/api.w.org\/{rel}","templated":true}]}}