
{"id":62848,"date":"2016-12-09T10:35:27","date_gmt":"2016-12-09T13:35:27","guid":{"rendered":"http:\/\/www.sudoestehoje.com.br\/novoportal\/?p=62848"},"modified":"2016-12-10T21:17:54","modified_gmt":"2016-12-11T00:17:54","slug":"itapetinga-morre-dona-lita-vitima-de-incendio-em-sua-residencia","status":"publish","type":"post","link":"https:\/\/www.sudoestehoje.com.br\/novoportal\/2016\/12\/09\/itapetinga-morre-dona-lita-vitima-de-incendio-em-sua-residencia\/","title":{"rendered":"ITAPETINGA: MORRE DONA LITA, V\u00cdTIMA DE INC\u00caNDIO EM SUA RESID\u00caNCIA"},"content":{"rendered":"<p><a href=\"http:\/\/www.sudoestehoje.com.br\/novoportal\/wp-content\/uploads\/2016\/12\/dona-lita.jpg\"><img loading=\"lazy\" decoding=\"async\" class=\"aligncenter wp-image-62849\" src=\"http:\/\/www.sudoestehoje.com.br\/novoportal\/wp-content\/uploads\/2016\/12\/dona-lita.jpg\" alt=\"dona-lita\" width=\"500\" height=\"375\" \/><\/a><\/p>\n<p>Faleceu, durante a madrugada desta sexta-feira (9), a Sra. Nelita de Oliveira Melo, de 85 anos, conhecida popularmente por &#8216;Dona Lita&#8217;, em decorr\u00eancia de um inc\u00eandio que destruiu a sua resid\u00eancia, localizada na rua Potiragu\u00e1, em Itapetinga.<\/p>\n<p>Segundo vers\u00f5es n\u00e3o oficiais, o inc\u00eandio teria sido causado pelas chamas de uma vela, j\u00e1 que durante toda a noite desta quinta para sexta, faltou energia no bairro Camac\u00e3, onde ela residia.<\/p>\n<p>Ao perceberem as chamas dominando toda a casa, vizinhos se esfor\u00e7aram para apag\u00e1-las, mas n\u00e3o conseguiram retirar a v\u00edtima da resid\u00eancia. Uma equipe da Brigada de Emerg\u00eancia da Azaleia foi chamada e conseguiu debelar as chamas e entrar no im\u00f3vel, mas nada pode fazer para salvar a v\u00edtima, que morreu queimada.<\/p>\n<p>Dona Lita foi casada com o conhecido fazendeiro Zil Ferraz, com quem teve v\u00e1rios filhos, dentre eles Nina Ferraz, Fernando, J\u00e2nio, Charles e Geane.<\/p>\n<p>O Sudoeste Hoje lamenta a trag\u00e9dia que vitimou Dona Lita e manifesta as suas condol\u00eancias \u00e0 toda a fam\u00edlia enlutada e parentes. \/\/ <strong><em>Por Davi Ferraz\u00a0<\/em><\/strong><\/p>\n<p><img decoding=\"async\" src=\"http:\/\/www.sudoestehoje.com.br\/novoportal\/wp-content\/uploads\/2015\/05\/rezende-500x163-500x163.jpg\" \/><\/p>\n<p><em>CONFIRA FOTOS DO INC\u00caNDIO&#8230;<\/em><!--more--><\/p>\n<p>Confira fotos do inc\u00eandio:<\/p>\n<p><img loading=\"lazy\" decoding=\"async\" class=\"\" src=\"https:\/\/scontent.fsdu7-1.fna.fbcdn.net\/v\/t1.0-9\/15380795_1207440286014037_8467641025927425027_n.jpg?oh=a93f9492aaa14a478f6e0758d5932b30&amp;oe=58EF5B23\" width=\"499\" height=\"887\" \/><\/p>\n<p><img loading=\"lazy\" decoding=\"async\" class=\"\" src=\"https:\/\/scontent.fsdu7-1.fna.fbcdn.net\/v\/t1.0-9\/15401047_1207440176014048_6245841116746222808_n.jpg?oh=dc6ce29808dd7fe007403d217cc88c24&amp;oe=58B62A11\" width=\"501\" height=\"282\" \/><\/p>\n<p><img loading=\"lazy\" decoding=\"async\" class=\"\" src=\"https:\/\/scontent.fsdu7-1.fna.fbcdn.net\/v\/t1.0-9\/15349774_1207440239347375_6545286739852422490_n.jpg?oh=85b21b4090f9b8f7b69e06791fa50121&amp;oe=58F99EEC\" width=\"500\" height=\"889\" \/><\/p>\n<p><img loading=\"lazy\" decoding=\"async\" class=\"\" src=\"https:\/\/scontent.fsdu7-1.fna.fbcdn.net\/v\/t1.0-9\/14604829_1207440259347373_2036608023113055103_n.jpg?oh=5683b925d2b1e910b3959d1b4915eb45&amp;oe=58F42D4A\" width=\"499\" height=\"281\" \/><\/p>\n<p>&nbsp;<\/p>\n<p>&nbsp;<\/p>\n","protected":false},"excerpt":{"rendered":"<p>Faleceu, durante a madrugada desta sexta-feira (9), a Sra. Nelita de Oliveira Melo, de 85 anos, conhecida popularmente por &#8216;Dona Lita&#8217;, em decorr\u00eancia de um inc\u00eandio que destruiu a sua resid\u00eancia, localizada na rua Potiragu\u00e1, em Itapetinga. Segundo vers\u00f5es n\u00e3o oficiais, o inc\u00eandio teria sido causado pelas chamas de uma vela, j\u00e1 que durante toda [&hellip;]<\/p>\n","protected":false},"author":2,"featured_media":62849,"comment_status":"open","ping_status":"open","sticky":false,"template":"","format":"standard","meta":{"footnotes":"","_links_to":"","_links_to_target":""},"categories":[1],"tags":[],"class_list":["post-62848","post","type-post","status-publish","format-standard","has-post-thumbnail","hentry","category-geral"],"views":5497,"_links":{"self":[{"href":"https:\/\/www.sudoestehoje.com.br\/novoportal\/wp-json\/wp\/v2\/posts\/62848","targetHints":{"allow":["GET"]}}],"collection":[{"href":"https:\/\/www.sudoestehoje.com.br\/novoportal\/wp-json\/wp\/v2\/posts"}],"about":[{"href":"https:\/\/www.sudoestehoje.com.br\/novoportal\/wp-json\/wp\/v2\/types\/post"}],"author":[{"embeddable":true,"href":"https:\/\/www.sudoestehoje.com.br\/novoportal\/wp-json\/wp\/v2\/users\/2"}],"replies":[{"embeddable":true,"href":"https:\/\/www.sudoestehoje.com.br\/novoportal\/wp-json\/wp\/v2\/comments?post=62848"}],"version-history":[{"count":6,"href":"https:\/\/www.sudoestehoje.com.br\/novoportal\/wp-json\/wp\/v2\/posts\/62848\/revisions"}],"predecessor-version":[{"id":62895,"href":"https:\/\/www.sudoestehoje.com.br\/novoportal\/wp-json\/wp\/v2\/posts\/62848\/revisions\/62895"}],"wp:featuredmedia":[{"embeddable":true,"href":"https:\/\/www.sudoestehoje.com.br\/novoportal\/wp-json\/wp\/v2\/media\/62849"}],"wp:attachment":[{"href":"https:\/\/www.sudoestehoje.com.br\/novoportal\/wp-json\/wp\/v2\/media?parent=62848"}],"wp:term":[{"taxonomy":"category","embeddable":true,"href":"https:\/\/www.sudoestehoje.com.br\/novoportal\/wp-json\/wp\/v2\/categories?post=62848"},{"taxonomy":"post_tag","embeddable":true,"href":"https:\/\/www.sudoestehoje.com.br\/novoportal\/wp-json\/wp\/v2\/tags?post=62848"}],"curies":[{"name":"wp","href":"https:\/\/api.w.org\/{rel}","templated":true}]}}