
{"id":62838,"date":"2016-12-07T17:39:04","date_gmt":"2016-12-07T20:39:04","guid":{"rendered":"http:\/\/www.sudoestehoje.com.br\/novoportal\/?p=62838"},"modified":"2016-12-07T17:39:04","modified_gmt":"2016-12-07T20:39:04","slug":"maioria-do-supremo-decide-manter-renan-na-presidencia-do-senado","status":"publish","type":"post","link":"https:\/\/www.sudoestehoje.com.br\/novoportal\/2016\/12\/07\/maioria-do-supremo-decide-manter-renan-na-presidencia-do-senado\/","title":{"rendered":"MAIORIA DO SUPREMO DECIDE MANTER RENAN NA PRESID\u00caNCIA DO SENADO"},"content":{"rendered":"<p><a href=\"http:\/\/www.sudoestehoje.com.br\/novoportal\/wp-content\/uploads\/2016\/12\/calheiros1.jpg\"><img loading=\"lazy\" decoding=\"async\" class=\"aligncenter size-medium wp-image-62839\" src=\"http:\/\/www.sudoestehoje.com.br\/novoportal\/wp-content\/uploads\/2016\/12\/calheiros1-500x333.jpg\" alt=\"calheiros1\" width=\"500\" height=\"333\" srcset=\"https:\/\/www.sudoestehoje.com.br\/novoportal\/wp-content\/uploads\/2016\/12\/calheiros1-500x333.jpg 500w, https:\/\/www.sudoestehoje.com.br\/novoportal\/wp-content\/uploads\/2016\/12\/calheiros1.jpg 680w\" sizes=\"auto, (max-width: 500px) 100vw, 500px\" \/><\/a><\/p>\n<p>A maioria dos ministros do STF decidiu manter <strong><a href=\"http:\/\/exame.abril.com.br\/topicos\/renan-calheiros\" target=\"_blank\">Renan Calheiros<\/a><\/strong> na presid\u00eancia do Senado, mas tir\u00e1-lo da sucess\u00e3o da presid\u00eancia da Rep\u00fablica. A decis\u00e3o acontece sete dias depois que a mais alta corte do pa\u00eds acatou den\u00fancia contra o peemedebista e o colocou no banco dos r\u00e9us.<\/p>\n<p>Com isso, os ministros da mais alta corte do pa\u00eds rejeitaram a liminar do ministro Marco Aur\u00e9lio Mello que determinou, na noite de segunda-feira (5), o afastamento de Renan da presid\u00eancia do Senado sob o argumento de que r\u00e9us n\u00e3o podem fazer parte da linha de sucess\u00e3o presidencial.<\/p>\n<p>O caso gerou um dos momentos mais tensos da crise entre Senado e Judici\u00e1rio depois que a Mesa Diretora da Casa protagonizou uma clara afronta ao poder Legislativo ao desobedecer a liminar de Marco Aur\u00e9lio.<\/p>\n","protected":false},"excerpt":{"rendered":"<p>A maioria dos ministros do STF decidiu manter Renan Calheiros na presid\u00eancia do Senado, mas tir\u00e1-lo da sucess\u00e3o da presid\u00eancia da Rep\u00fablica. A decis\u00e3o acontece sete dias depois que a mais alta corte do pa\u00eds acatou den\u00fancia contra o peemedebista e o colocou no banco dos r\u00e9us. Com isso, os ministros da mais alta corte [&hellip;]<\/p>\n","protected":false},"author":2,"featured_media":0,"comment_status":"open","ping_status":"open","sticky":false,"template":"","format":"standard","meta":{"footnotes":"","_links_to":"","_links_to_target":""},"categories":[1],"tags":[],"class_list":["post-62838","post","type-post","status-publish","format-standard","hentry","category-geral"],"views":1107,"_links":{"self":[{"href":"https:\/\/www.sudoestehoje.com.br\/novoportal\/wp-json\/wp\/v2\/posts\/62838","targetHints":{"allow":["GET"]}}],"collection":[{"href":"https:\/\/www.sudoestehoje.com.br\/novoportal\/wp-json\/wp\/v2\/posts"}],"about":[{"href":"https:\/\/www.sudoestehoje.com.br\/novoportal\/wp-json\/wp\/v2\/types\/post"}],"author":[{"embeddable":true,"href":"https:\/\/www.sudoestehoje.com.br\/novoportal\/wp-json\/wp\/v2\/users\/2"}],"replies":[{"embeddable":true,"href":"https:\/\/www.sudoestehoje.com.br\/novoportal\/wp-json\/wp\/v2\/comments?post=62838"}],"version-history":[{"count":1,"href":"https:\/\/www.sudoestehoje.com.br\/novoportal\/wp-json\/wp\/v2\/posts\/62838\/revisions"}],"predecessor-version":[{"id":62842,"href":"https:\/\/www.sudoestehoje.com.br\/novoportal\/wp-json\/wp\/v2\/posts\/62838\/revisions\/62842"}],"wp:attachment":[{"href":"https:\/\/www.sudoestehoje.com.br\/novoportal\/wp-json\/wp\/v2\/media?parent=62838"}],"wp:term":[{"taxonomy":"category","embeddable":true,"href":"https:\/\/www.sudoestehoje.com.br\/novoportal\/wp-json\/wp\/v2\/categories?post=62838"},{"taxonomy":"post_tag","embeddable":true,"href":"https:\/\/www.sudoestehoje.com.br\/novoportal\/wp-json\/wp\/v2\/tags?post=62838"}],"curies":[{"name":"wp","href":"https:\/\/api.w.org\/{rel}","templated":true}]}}