
{"id":62833,"date":"2016-12-07T12:43:51","date_gmt":"2016-12-07T15:43:51","guid":{"rendered":"http:\/\/www.sudoestehoje.com.br\/novoportal\/?p=62833"},"modified":"2016-12-07T12:43:51","modified_gmt":"2016-12-07T15:43:51","slug":"itabuna-fernando-gomes-vence-no-tre-por-5-a-1-e-vai-ser-empossado","status":"publish","type":"post","link":"https:\/\/www.sudoestehoje.com.br\/novoportal\/2016\/12\/07\/itabuna-fernando-gomes-vence-no-tre-por-5-a-1-e-vai-ser-empossado\/","title":{"rendered":"ITABUNA: FERNANDO GOMES VENCE NO TRE POR 5 A 1 E VAI SER EMPOSSADO"},"content":{"rendered":"<p><a href=\"http:\/\/www.sudoestehoje.com.br\/novoportal\/wp-content\/uploads\/2016\/12\/fg.jpg\"><img loading=\"lazy\" decoding=\"async\" class=\"aligncenter  wp-image-62834\" src=\"http:\/\/www.sudoestehoje.com.br\/novoportal\/wp-content\/uploads\/2016\/12\/fg.jpg\" alt=\"fg\" width=\"500\" height=\"375\" \/><\/a><\/p>\n<p>O Tribunal Regional Eleitoral da Bahia (TRE-BA) acaba de deferir o registro de candidatura de Fernando Gomes a prefeito de Itabuna, por 5 a 1. A maioria absoluta dos ju\u00edzes seguiu voto do relator, F\u00e1bio Alexsandro Costa Bastos, em dar provimento ao recurso do democrata contra decis\u00e3o em primeira inst\u00e2ncia.<\/p>\n<p>Com a decis\u00e3o de hoje, Fernando fica apto a ser diplomado e assumir o governo em 1\u00ba de janeiro de 2017. Por\u00e9m, o Minist\u00e9rio P\u00fablico Eleitoral (MPE) dever\u00e1 recorrer da decis\u00e3o do TRE com embargos declarat\u00f3rios.<\/p>\n<p>Isso, porque, na semana passada, o Tribunal de Contas da Uni\u00e3o (TCU) negou recurso a Fernando Gomes no julgamento de compras de ambul\u00e2ncias em 2005, no qual o ex-prefeito foi condenado por crime de improbidade administrativa. Mais informa\u00e7\u00f5es em instantes. \/\/<em> Pimenta<\/em><\/p>\n","protected":false},"excerpt":{"rendered":"<p>O Tribunal Regional Eleitoral da Bahia (TRE-BA) acaba de deferir o registro de candidatura de Fernando Gomes a prefeito de Itabuna, por 5 a 1. A maioria absoluta dos ju\u00edzes seguiu voto do relator, F\u00e1bio Alexsandro Costa Bastos, em dar provimento ao recurso do democrata contra decis\u00e3o em primeira inst\u00e2ncia. Com a decis\u00e3o de hoje, [&hellip;]<\/p>\n","protected":false},"author":2,"featured_media":62834,"comment_status":"open","ping_status":"open","sticky":false,"template":"","format":"standard","meta":{"footnotes":"","_links_to":"","_links_to_target":""},"categories":[1],"tags":[],"class_list":["post-62833","post","type-post","status-publish","format-standard","has-post-thumbnail","hentry","category-geral"],"views":1104,"_links":{"self":[{"href":"https:\/\/www.sudoestehoje.com.br\/novoportal\/wp-json\/wp\/v2\/posts\/62833","targetHints":{"allow":["GET"]}}],"collection":[{"href":"https:\/\/www.sudoestehoje.com.br\/novoportal\/wp-json\/wp\/v2\/posts"}],"about":[{"href":"https:\/\/www.sudoestehoje.com.br\/novoportal\/wp-json\/wp\/v2\/types\/post"}],"author":[{"embeddable":true,"href":"https:\/\/www.sudoestehoje.com.br\/novoportal\/wp-json\/wp\/v2\/users\/2"}],"replies":[{"embeddable":true,"href":"https:\/\/www.sudoestehoje.com.br\/novoportal\/wp-json\/wp\/v2\/comments?post=62833"}],"version-history":[{"count":2,"href":"https:\/\/www.sudoestehoje.com.br\/novoportal\/wp-json\/wp\/v2\/posts\/62833\/revisions"}],"predecessor-version":[{"id":62836,"href":"https:\/\/www.sudoestehoje.com.br\/novoportal\/wp-json\/wp\/v2\/posts\/62833\/revisions\/62836"}],"wp:featuredmedia":[{"embeddable":true,"href":"https:\/\/www.sudoestehoje.com.br\/novoportal\/wp-json\/wp\/v2\/media\/62834"}],"wp:attachment":[{"href":"https:\/\/www.sudoestehoje.com.br\/novoportal\/wp-json\/wp\/v2\/media?parent=62833"}],"wp:term":[{"taxonomy":"category","embeddable":true,"href":"https:\/\/www.sudoestehoje.com.br\/novoportal\/wp-json\/wp\/v2\/categories?post=62833"},{"taxonomy":"post_tag","embeddable":true,"href":"https:\/\/www.sudoestehoje.com.br\/novoportal\/wp-json\/wp\/v2\/tags?post=62833"}],"curies":[{"name":"wp","href":"https:\/\/api.w.org\/{rel}","templated":true}]}}