
{"id":62823,"date":"2016-12-07T00:33:24","date_gmt":"2016-12-07T03:33:24","guid":{"rendered":"http:\/\/www.sudoestehoje.com.br\/novoportal\/?p=62823"},"modified":"2016-12-07T00:33:24","modified_gmt":"2016-12-07T03:33:24","slug":"rui-anuncia-antecipacao-de-repasse-do-icms-para-todos-os-municipios","status":"publish","type":"post","link":"https:\/\/www.sudoestehoje.com.br\/novoportal\/2016\/12\/07\/rui-anuncia-antecipacao-de-repasse-do-icms-para-todos-os-municipios\/","title":{"rendered":"RUI ANUNCIA ANTECIPA\u00c7\u00c3O DE REPASSE DO ICMS PARA TODOS OS MUNIC\u00cdPIOS"},"content":{"rendered":"<p><a href=\"http:\/\/www.sudoestehoje.com.br\/novoportal\/wp-content\/uploads\/2016\/12\/RUI-ICMS.jpg\"><img loading=\"lazy\" decoding=\"async\" class=\"aligncenter size-medium wp-image-62824\" src=\"http:\/\/www.sudoestehoje.com.br\/novoportal\/wp-content\/uploads\/2016\/12\/RUI-ICMS-500x350.jpg\" alt=\"rui-icms\" width=\"500\" height=\"350\" srcset=\"https:\/\/www.sudoestehoje.com.br\/novoportal\/wp-content\/uploads\/2016\/12\/RUI-ICMS-500x350.jpg 500w, https:\/\/www.sudoestehoje.com.br\/novoportal\/wp-content\/uploads\/2016\/12\/RUI-ICMS.jpg 600w\" sizes=\"auto, (max-width: 500px) 100vw, 500px\" \/><\/a><\/p>\n<p>Todos os 417 munic\u00edpios baianos receber\u00e3o no pr\u00f3ximo dia 31 a antecipa\u00e7\u00e3o da \u00faltima parcela do Imposto sobre Circula\u00e7\u00e3o de Mercadorias e Servi\u00e7os (ICMS) de 2016, que seria repassada pelo Estado somente no dia 5 de janeiro.<\/p>\n<p>O an\u00fancio foi feito pelo governador Rui Costa, na manh\u00e3 desta ter\u00e7a-feira (6), durante o 5\u00ba Encontro de Prefeitos da Bahia, em Cama\u00e7ari.<\/p>\n<p>Segundo o chefe do Executivo baiano, a antecipa\u00e7\u00e3o da cota do ICMS possibilita \u00e0s prefeituras baianas o fechamento de suas contas p\u00fablicas. \u201cHoje voltamos a reafirmar nosso compromisso em garantir as transfer\u00eancias e pagamento integral dos compromissos do Estado com os munic\u00edpios\u201d, afirmou.<\/p>\n","protected":false},"excerpt":{"rendered":"<p>Todos os 417 munic\u00edpios baianos receber\u00e3o no pr\u00f3ximo dia 31 a antecipa\u00e7\u00e3o da \u00faltima parcela do Imposto sobre Circula\u00e7\u00e3o de Mercadorias e Servi\u00e7os (ICMS) de 2016, que seria repassada pelo Estado somente no dia 5 de janeiro. O an\u00fancio foi feito pelo governador Rui Costa, na manh\u00e3 desta ter\u00e7a-feira (6), durante o 5\u00ba Encontro de [&hellip;]<\/p>\n","protected":false},"author":2,"featured_media":62824,"comment_status":"open","ping_status":"open","sticky":false,"template":"","format":"standard","meta":{"footnotes":"","_links_to":"","_links_to_target":""},"categories":[1],"tags":[],"class_list":["post-62823","post","type-post","status-publish","format-standard","has-post-thumbnail","hentry","category-geral"],"views":1097,"_links":{"self":[{"href":"https:\/\/www.sudoestehoje.com.br\/novoportal\/wp-json\/wp\/v2\/posts\/62823","targetHints":{"allow":["GET"]}}],"collection":[{"href":"https:\/\/www.sudoestehoje.com.br\/novoportal\/wp-json\/wp\/v2\/posts"}],"about":[{"href":"https:\/\/www.sudoestehoje.com.br\/novoportal\/wp-json\/wp\/v2\/types\/post"}],"author":[{"embeddable":true,"href":"https:\/\/www.sudoestehoje.com.br\/novoportal\/wp-json\/wp\/v2\/users\/2"}],"replies":[{"embeddable":true,"href":"https:\/\/www.sudoestehoje.com.br\/novoportal\/wp-json\/wp\/v2\/comments?post=62823"}],"version-history":[{"count":2,"href":"https:\/\/www.sudoestehoje.com.br\/novoportal\/wp-json\/wp\/v2\/posts\/62823\/revisions"}],"predecessor-version":[{"id":62826,"href":"https:\/\/www.sudoestehoje.com.br\/novoportal\/wp-json\/wp\/v2\/posts\/62823\/revisions\/62826"}],"wp:featuredmedia":[{"embeddable":true,"href":"https:\/\/www.sudoestehoje.com.br\/novoportal\/wp-json\/wp\/v2\/media\/62824"}],"wp:attachment":[{"href":"https:\/\/www.sudoestehoje.com.br\/novoportal\/wp-json\/wp\/v2\/media?parent=62823"}],"wp:term":[{"taxonomy":"category","embeddable":true,"href":"https:\/\/www.sudoestehoje.com.br\/novoportal\/wp-json\/wp\/v2\/categories?post=62823"},{"taxonomy":"post_tag","embeddable":true,"href":"https:\/\/www.sudoestehoje.com.br\/novoportal\/wp-json\/wp\/v2\/tags?post=62823"}],"curies":[{"name":"wp","href":"https:\/\/api.w.org\/{rel}","templated":true}]}}