
{"id":62820,"date":"2016-12-06T23:56:14","date_gmt":"2016-12-07T02:56:14","guid":{"rendered":"http:\/\/www.sudoestehoje.com.br\/novoportal\/?p=62820"},"modified":"2016-12-06T23:56:14","modified_gmt":"2016-12-07T02:56:14","slug":"itapetinga-deputado-pedro-tavares-critica-pessimas-condicoes-das-estradas-da-regiao","status":"publish","type":"post","link":"https:\/\/www.sudoestehoje.com.br\/novoportal\/2016\/12\/06\/itapetinga-deputado-pedro-tavares-critica-pessimas-condicoes-das-estradas-da-regiao\/","title":{"rendered":"ITAPETINGA: DEPUTADO PEDRO TAVARES CRITICA P\u00c9SSIMAS CONDI\u00c7\u00d5ES DAS ESTRADAS DA REGI\u00c3O"},"content":{"rendered":"<p><a href=\"http:\/\/www.sudoestehoje.com.br\/novoportal\/wp-content\/uploads\/2016\/12\/deputado-estadual-pedro-tavares-pmdb-bahia.jpg\"><img loading=\"lazy\" decoding=\"async\" class=\"aligncenter size-medium wp-image-62821\" src=\"http:\/\/www.sudoestehoje.com.br\/novoportal\/wp-content\/uploads\/2016\/12\/deputado-estadual-pedro-tavares-pmdb-bahia-500x290.jpg\" alt=\"deputado-estadual-pedro-tavares-pmdb-bahia\" width=\"500\" height=\"290\" srcset=\"https:\/\/www.sudoestehoje.com.br\/novoportal\/wp-content\/uploads\/2016\/12\/deputado-estadual-pedro-tavares-pmdb-bahia-500x290.jpg 500w, https:\/\/www.sudoestehoje.com.br\/novoportal\/wp-content\/uploads\/2016\/12\/deputado-estadual-pedro-tavares-pmdb-bahia.jpg 600w\" sizes=\"auto, (max-width: 500px) 100vw, 500px\" \/><\/a><\/p>\n<p>O deputado estadual Pedro Tavares (PMDB) usou a tribuna da Assembleia Legislativa nesta ter\u00e7a-feira, 06, para fazer um apelo ao governo estadual em rela\u00e7\u00e3o \u00e0s p\u00e9ssimas condi\u00e7\u00f5es das estradas na regi\u00e3o de Itapetinga.<\/p>\n<p>Em pronunciamento, o parlamentar destacou que a regi\u00e3o \u00e9 um importante polo da pecu\u00e1ria do Estado e do pa\u00eds, e sofre com a precariedade das vias da BA-130, que liga Itapetinga a Macarani, e a BA-270, que liga Potiragu\u00e1 a BR-101.<\/p>\n<p>O peemedebista lembrou que a BA-270 liga a regi\u00e3o at\u00e9 o extremo-sul, para munic\u00edpios de grande fluxo tur\u00edstico, como Porto Seguro, e que neste per\u00edodo de final de ano e alta esta\u00e7\u00e3o, o tr\u00e1fego aumenta consideravelmente.<\/p>\n<p>\u201cEspero que o governo tenha sensibilidade e realize uma interven\u00e7\u00e3o o quanto antes. \u00c9 preciso uma atitude en\u00e9rgica, pois as p\u00e9ssimas condi\u00e7\u00f5es t\u00eam causado in\u00fameros preju\u00edzos aos moradores e transeuntes\u201d, criticou.<\/p>\n<p>Por fim, o parlamentar citou a BA-262, que liga Po\u00e7\u00f5es a Firmino Alves, e o movimento \u201cSOS BA-262\u201d, onde moradores da localidade realizaram um trabalho de tapa-buracos por conta pr\u00f3pria para diminuir os transtornos gerados. \u201c\u00c9 um absurdo que a popula\u00e7\u00e3o tenha que fazer o papel do Estado\u201d, finalizou. \/\/<em>Pol\u00edtica Livre<\/em><\/p>\n","protected":false},"excerpt":{"rendered":"<p>O deputado estadual Pedro Tavares (PMDB) usou a tribuna da Assembleia Legislativa nesta ter\u00e7a-feira, 06, para fazer um apelo ao governo estadual em rela\u00e7\u00e3o \u00e0s p\u00e9ssimas condi\u00e7\u00f5es das estradas na regi\u00e3o de Itapetinga. Em pronunciamento, o parlamentar destacou que a regi\u00e3o \u00e9 um importante polo da pecu\u00e1ria do Estado e do pa\u00eds, e sofre com [&hellip;]<\/p>\n","protected":false},"author":2,"featured_media":62821,"comment_status":"open","ping_status":"open","sticky":false,"template":"","format":"standard","meta":{"footnotes":"","_links_to":"","_links_to_target":""},"categories":[1],"tags":[],"class_list":["post-62820","post","type-post","status-publish","format-standard","has-post-thumbnail","hentry","category-geral"],"views":1272,"_links":{"self":[{"href":"https:\/\/www.sudoestehoje.com.br\/novoportal\/wp-json\/wp\/v2\/posts\/62820","targetHints":{"allow":["GET"]}}],"collection":[{"href":"https:\/\/www.sudoestehoje.com.br\/novoportal\/wp-json\/wp\/v2\/posts"}],"about":[{"href":"https:\/\/www.sudoestehoje.com.br\/novoportal\/wp-json\/wp\/v2\/types\/post"}],"author":[{"embeddable":true,"href":"https:\/\/www.sudoestehoje.com.br\/novoportal\/wp-json\/wp\/v2\/users\/2"}],"replies":[{"embeddable":true,"href":"https:\/\/www.sudoestehoje.com.br\/novoportal\/wp-json\/wp\/v2\/comments?post=62820"}],"version-history":[{"count":1,"href":"https:\/\/www.sudoestehoje.com.br\/novoportal\/wp-json\/wp\/v2\/posts\/62820\/revisions"}],"predecessor-version":[{"id":62822,"href":"https:\/\/www.sudoestehoje.com.br\/novoportal\/wp-json\/wp\/v2\/posts\/62820\/revisions\/62822"}],"wp:featuredmedia":[{"embeddable":true,"href":"https:\/\/www.sudoestehoje.com.br\/novoportal\/wp-json\/wp\/v2\/media\/62821"}],"wp:attachment":[{"href":"https:\/\/www.sudoestehoje.com.br\/novoportal\/wp-json\/wp\/v2\/media?parent=62820"}],"wp:term":[{"taxonomy":"category","embeddable":true,"href":"https:\/\/www.sudoestehoje.com.br\/novoportal\/wp-json\/wp\/v2\/categories?post=62820"},{"taxonomy":"post_tag","embeddable":true,"href":"https:\/\/www.sudoestehoje.com.br\/novoportal\/wp-json\/wp\/v2\/tags?post=62820"}],"curies":[{"name":"wp","href":"https:\/\/api.w.org\/{rel}","templated":true}]}}