
{"id":62815,"date":"2016-12-06T18:05:15","date_gmt":"2016-12-06T21:05:15","guid":{"rendered":"http:\/\/www.sudoestehoje.com.br\/novoportal\/?p=62815"},"modified":"2016-12-06T18:41:55","modified_gmt":"2016-12-06T21:41:55","slug":"brasilia-renan-calheiros-diz-que-nao-vai-obedecer-liminar-do-supremo-que-o-afastou","status":"publish","type":"post","link":"https:\/\/www.sudoestehoje.com.br\/novoportal\/2016\/12\/06\/brasilia-renan-calheiros-diz-que-nao-vai-obedecer-liminar-do-supremo-que-o-afastou\/","title":{"rendered":"SENADO DESAFIA DECIS\u00c3O DO SUPREMO E DECIDE MANTER RENAN NA PRESID\u00caNCIA"},"content":{"rendered":"<p><img loading=\"lazy\" decoding=\"async\" class=\"\" src=\"http:\/\/ejesa.statig.com.br\/bancodeimagens\/5a\/5i\/et\/5a5ietws2g1jnhou4e2qgoq4f.jpg\" width=\"500\" height=\"336\" \/><\/p>\n<p>O Senado desafiou uma decis\u00e3o do Supremo Tribunal Federal (STF) e deve colocar ainda mais fogo na crise institucional que h\u00e1 no Brasil.<\/p>\n<p>A Mesa Diretora do Senado decidiu nesta ter\u00e7a-feira (06) se recusar a afastar Renan Calheiros (PMDB) da presid\u00eancia da Casa, mesmo com a decis\u00e3o do ministro Marco Aur\u00e9lio Mello, do Supremo, em car\u00e1ter liminar. O Senado encaminhou ao STF uma decis\u00e3o da Mesa que informa que a decis\u00e3o do plen\u00e1rio do tribunal ser\u00e1 esperada para que ent\u00e3o Renan seja afastado.<\/p>\n<p>\u201cVamos aguardar o STF\u201d, disse o vice-presidente do Senado, Jorge Viana (PT-AC), um dos mais ferrenhos opositores do governo de Michel Temer.<\/p>\n","protected":false},"excerpt":{"rendered":"<p>O Senado desafiou uma decis\u00e3o do Supremo Tribunal Federal (STF) e deve colocar ainda mais fogo na crise institucional que h\u00e1 no Brasil. A Mesa Diretora do Senado decidiu nesta ter\u00e7a-feira (06) se recusar a afastar Renan Calheiros (PMDB) da presid\u00eancia da Casa, mesmo com a decis\u00e3o do ministro Marco Aur\u00e9lio Mello, do Supremo, em [&hellip;]<\/p>\n","protected":false},"author":2,"featured_media":0,"comment_status":"open","ping_status":"open","sticky":false,"template":"","format":"standard","meta":{"footnotes":"","_links_to":"","_links_to_target":""},"categories":[1],"tags":[],"class_list":["post-62815","post","type-post","status-publish","format-standard","hentry","category-geral"],"views":1192,"_links":{"self":[{"href":"https:\/\/www.sudoestehoje.com.br\/novoportal\/wp-json\/wp\/v2\/posts\/62815","targetHints":{"allow":["GET"]}}],"collection":[{"href":"https:\/\/www.sudoestehoje.com.br\/novoportal\/wp-json\/wp\/v2\/posts"}],"about":[{"href":"https:\/\/www.sudoestehoje.com.br\/novoportal\/wp-json\/wp\/v2\/types\/post"}],"author":[{"embeddable":true,"href":"https:\/\/www.sudoestehoje.com.br\/novoportal\/wp-json\/wp\/v2\/users\/2"}],"replies":[{"embeddable":true,"href":"https:\/\/www.sudoestehoje.com.br\/novoportal\/wp-json\/wp\/v2\/comments?post=62815"}],"version-history":[{"count":4,"href":"https:\/\/www.sudoestehoje.com.br\/novoportal\/wp-json\/wp\/v2\/posts\/62815\/revisions"}],"predecessor-version":[{"id":62819,"href":"https:\/\/www.sudoestehoje.com.br\/novoportal\/wp-json\/wp\/v2\/posts\/62815\/revisions\/62819"}],"wp:attachment":[{"href":"https:\/\/www.sudoestehoje.com.br\/novoportal\/wp-json\/wp\/v2\/media?parent=62815"}],"wp:term":[{"taxonomy":"category","embeddable":true,"href":"https:\/\/www.sudoestehoje.com.br\/novoportal\/wp-json\/wp\/v2\/categories?post=62815"},{"taxonomy":"post_tag","embeddable":true,"href":"https:\/\/www.sudoestehoje.com.br\/novoportal\/wp-json\/wp\/v2\/tags?post=62815"}],"curies":[{"name":"wp","href":"https:\/\/api.w.org\/{rel}","templated":true}]}}